{"id":419,"date":"2023-01-09T10:06:01","date_gmt":"2023-01-09T10:06:01","guid":{"rendered":"https:\/\/amaconceptstore.fr\/?p=419"},"modified":"2023-01-23T15:38:59","modified_gmt":"2023-01-23T15:38:59","slug":"marques-la-treille-maison-ensoleille","status":"publish","type":"post","link":"https:\/\/amaconceptstore.fr\/index.php\/2023\/01\/09\/marques-la-treille-maison-ensoleille\/","title":{"rendered":"La Treille Maison Ensoleill\u00e9e"},"content":{"rendered":"\t\t<div data-elementor-type=\"wp-post\" data-elementor-id=\"419\" class=\"elementor elementor-419\" data-elementor-post-type=\"post\">\n\t\t\t\t\t\t<section class=\"elementor-section elementor-top-section elementor-element elementor-element-2c6a652 elementor-section-height-min-height elementor-section-items-stretch elementor-section-full_width elementor-section-height-default\" data-id=\"2c6a652\" data-element_type=\"section\" data-e-type=\"section\">\n\t\t\t\t\t\t<div class=\"elementor-container elementor-column-gap-no\">\n\t\t\t\t\t<div class=\"elementor-column elementor-col-50 elementor-top-column elementor-element elementor-element-6b3a17d1\" data-id=\"6b3a17d1\" data-element_type=\"column\" data-e-type=\"column\">\n\t\t\t<div class=\"elementor-widget-wrap elementor-element-populated\">\n\t\t\t\t\t\t<div class=\"elementor-element elementor-element-4681ebcd elementor-widget elementor-widget-heading\" data-id=\"4681ebcd\" data-element_type=\"widget\" data-e-type=\"widget\" data-widget_type=\"heading.default\">\n\t\t\t\t<div class=\"elementor-widget-container\">\n\t\t\t\t\t<h3 class=\"elementor-heading-title elementor-size-default\">Pr\u00eat \u00e0 porter, marque fran\u00e7aise ind\u00e9pendante et designer en France<\/h3>\t\t\t\t<\/div>\n\t\t\t\t<\/div>\n\t\t\t\t<div class=\"elementor-element elementor-element-9dc7fbc elementor-widget-divider--view-line elementor-widget elementor-widget-divider\" data-id=\"9dc7fbc\" data-element_type=\"widget\" data-e-type=\"widget\" data-widget_type=\"divider.default\">\n\t\t\t\t<div class=\"elementor-widget-container\">\n\t\t\t\t\t\t\t<div class=\"elementor-divider\">\n\t\t\t<span class=\"elementor-divider-separator\">\n\t\t\t\t\t\t<\/span>\n\t\t<\/div>\n\t\t\t\t\t\t<\/div>\n\t\t\t\t<\/div>\n\t\t\t\t<section class=\"elementor-section elementor-inner-section elementor-element elementor-element-c6a8a82 elementor-section-full_width elementor-section-height-min-height elementor-section-content-middle elementor-section-height-default\" data-id=\"c6a8a82\" data-element_type=\"section\" data-e-type=\"section\">\n\t\t\t\t\t\t<div class=\"elementor-container elementor-column-gap-no\">\n\t\t\t\t\t<div class=\"elementor-column elementor-col-100 elementor-inner-column elementor-element elementor-element-2f6972ca\" data-id=\"2f6972ca\" data-element_type=\"column\" data-e-type=\"column\">\n\t\t\t<div class=\"elementor-widget-wrap elementor-element-populated\">\n\t\t\t\t\t\t<div class=\"elementor-element elementor-element-4a6cf0d2 elementor-invisible elementor-widget elementor-widget-heading\" data-id=\"4a6cf0d2\" data-element_type=\"widget\" data-e-type=\"widget\" data-settings=\"{&quot;_animation&quot;:&quot;fadeIn&quot;}\" data-widget_type=\"heading.default\">\n\t\t\t\t<div class=\"elementor-widget-container\">\n\t\t\t\t\t<h1 class=\"elementor-heading-title elementor-size-default\">La Treille Maison Ensoleill\u00e9e \u00e0 Lyon<\/h1>\t\t\t\t<\/div>\n\t\t\t\t<\/div>\n\t\t\t\t<div class=\"elementor-element elementor-element-4d3b130f elementor-drop-cap-yes justi elementor-drop-cap-view-default elementor-widget elementor-widget-text-editor\" data-id=\"4d3b130f\" data-element_type=\"widget\" data-e-type=\"widget\" data-settings=\"{&quot;drop_cap&quot;:&quot;yes&quot;}\" data-widget_type=\"text-editor.default\">\n\t\t\t\t<div class=\"elementor-widget-container\">\n\t\t\t\t\t\t\t\t\t<p><\/p><p>La Treille Maison Ensoleill\u00e9e, c\u2019est avant tout une soif de libert\u00e9, une envie de cr\u00e9er sans jamais se restreindre. La cr\u00e9atrice Marine Dabancourt offre tout son amour et son savoir-faire pour vous proposer des collections uniques, qui sentent bon la fleur d\u2019oranger. Dans un style r\u00e9solument r\u00e9tro et boh\u00e8me, elle utilise des toiles brutes, des cotons naturels avec toujours une note de couleur chaude qui rappelle la terre et le soleil. <br \/>Elle s\u2019engage \u00e0 proposer une mode durable et \u00e9thique pour habiller la femme et la fillette de mani\u00e8re responsable.<\/p><p>Les mati\u00e8res naturelles sont issues de l\u2019agriculture biologique et les v\u00eatements sont fabriqu\u00e9s dans de petits ateliers en France et au Portugal. <span style=\"background-color: var( --e-global-color-secondary ); font-size: 1rem;\">Les broderies et teintures de la Treille sont r\u00e9alis\u00e9es \u00e0 la main dans sa maison du Sud, afin de rendre chaque v\u00eatement unique.<\/span><\/p><p><\/p>\t\t\t\t\t\t\t\t<\/div>\n\t\t\t\t<\/div>\n\t\t\t\t\t<\/div>\n\t\t<\/div>\n\t\t\t\t\t<\/div>\n\t\t<\/section>\n\t\t\t\t<section class=\"elementor-section elementor-inner-section elementor-element elementor-element-695710e9 elementor-section-full_width elementor-section-height-min-height elementor-section-content-middle elementor-section-height-default\" data-id=\"695710e9\" data-element_type=\"section\" data-e-type=\"section\">\n\t\t\t\t\t\t<div class=\"elementor-container elementor-column-gap-no\">\n\t\t\t\t\t<div class=\"elementor-column elementor-col-50 elementor-inner-column elementor-element elementor-element-45d3af11\" data-id=\"45d3af11\" data-element_type=\"column\" data-e-type=\"column\">\n\t\t\t<div class=\"elementor-widget-wrap elementor-element-populated\">\n\t\t\t\t\t\t<div class=\"elementor-element elementor-element-16200203 elementor-widget elementor-widget-heading\" data-id=\"16200203\" data-element_type=\"widget\" data-e-type=\"widget\" data-widget_type=\"heading.default\">\n\t\t\t\t<div class=\"elementor-widget-container\">\n\t\t\t\t\t<p class=\"elementor-heading-title elementor-size-default\">\u00a9 Photos tous droits r\u00e9serv\u00e9s \u00e0  La Treille Maison Ensoleill\u00e9e<\/p>\t\t\t\t<\/div>\n\t\t\t\t<\/div>\n\t\t\t\t\t<\/div>\n\t\t<\/div>\n\t\t\t\t<div class=\"elementor-column elementor-col-50 elementor-inner-column elementor-element elementor-element-441a0bf0\" data-id=\"441a0bf0\" data-element_type=\"column\" data-e-type=\"column\">\n\t\t\t<div class=\"elementor-widget-wrap elementor-element-populated\">\n\t\t\t\t\t\t<div class=\"elementor-element elementor-element-5fe1d28e e-grid-align-right e-grid-align-mobile-center elementor-shape-rounded elementor-grid-0 elementor-widget elementor-widget-social-icons\" data-id=\"5fe1d28e\" data-element_type=\"widget\" data-e-type=\"widget\" data-widget_type=\"social-icons.default\">\n\t\t\t\t<div class=\"elementor-widget-container\">\n\t\t\t\t\t\t\t<div class=\"elementor-social-icons-wrapper elementor-grid\">\n\t\t\t\t\t\t\t<span class=\"elementor-grid-item\">\n\t\t\t\t\t<a class=\"elementor-icon elementor-social-icon elementor-social-icon-instagram elementor-repeater-item-c5354ec\" href=\"https:\/\/www.instagram.com\/latreillemaisonensoleillee\/\" target=\"_blank\">\n\t\t\t\t\t\t<span class=\"elementor-screen-only\">Instagram<\/span>\n\t\t\t\t\t\t<i aria-hidden=\"true\" class=\"fab fa-instagram\"><\/i>\t\t\t\t\t<\/a>\n\t\t\t\t<\/span>\n\t\t\t\t\t<\/div>\n\t\t\t\t\t\t<\/div>\n\t\t\t\t<\/div>\n\t\t\t\t\t<\/div>\n\t\t<\/div>\n\t\t\t\t\t<\/div>\n\t\t<\/section>\n\t\t\t\t\t<\/div>\n\t\t<\/div>\n\t\t\t\t<div class=\"elementor-column elementor-col-50 elementor-top-column elementor-element elementor-element-1f8a1c91\" data-id=\"1f8a1c91\" data-element_type=\"column\" data-e-type=\"column\" data-settings=\"{&quot;background_background&quot;:&quot;classic&quot;}\">\n\t\t\t<div class=\"elementor-widget-wrap elementor-element-populated\">\n\t\t\t\t\t\t<div class=\"elementor-element elementor-element-200ac7a elementor-widget elementor-widget-spacer\" data-id=\"200ac7a\" data-element_type=\"widget\" data-e-type=\"widget\" data-widget_type=\"spacer.default\">\n\t\t\t\t<div class=\"elementor-widget-container\">\n\t\t\t\t\t\t\t<div class=\"elementor-spacer\">\n\t\t\t<div class=\"elementor-spacer-inner\"><\/div>\n\t\t<\/div>\n\t\t\t\t\t\t<\/div>\n\t\t\t\t<\/div>\n\t\t\t\t\t<\/div>\n\t\t<\/div>\n\t\t\t\t\t<\/div>\n\t\t<\/section>\n\t\t\t\t<section class=\"elementor-section elementor-top-section elementor-element elementor-element-15b621ce elementor-reverse-mobile elementor-section-boxed elementor-section-height-default elementor-section-height-default\" data-id=\"15b621ce\" data-element_type=\"section\" data-e-type=\"section\">\n\t\t\t\t\t\t<div class=\"elementor-container elementor-column-gap-no\">\n\t\t\t\t\t<div class=\"elementor-column elementor-col-50 elementor-top-column elementor-element elementor-element-6d50d307\" data-id=\"6d50d307\" data-element_type=\"column\" data-e-type=\"column\">\n\t\t\t<div class=\"elementor-widget-wrap elementor-element-populated\">\n\t\t\t\t\t\t<div class=\"elementor-element elementor-element-2f870678 elementor-invisible elementor-widget elementor-widget-image\" data-id=\"2f870678\" data-element_type=\"widget\" data-e-type=\"widget\" data-settings=\"{&quot;_animation&quot;:&quot;fadeIn&quot;}\" data-widget_type=\"image.default\">\n\t\t\t\t<div class=\"elementor-widget-container\">\n\t\t\t\t\t\t\t\t\t\t\t\t<figure class=\"wp-caption\">\n\t\t\t\t\t\t\t\t\t\t<img fetchpriority=\"high\" decoding=\"async\" width=\"1000\" height=\"1500\" src=\"https:\/\/amaconceptstore.fr\/wp-content\/uploads\/2023\/01\/ama-concept-store-LATREILLESWEATFILLEDUSU-3.webp\" class=\"attachment-full size-full wp-image-423\" alt=\"CHEMISE ROMY - Chocolat Prix normal\" srcset=\"https:\/\/amaconceptstore.fr\/wp-content\/uploads\/2023\/01\/ama-concept-store-LATREILLESWEATFILLEDUSU-3.webp 1000w, https:\/\/amaconceptstore.fr\/wp-content\/uploads\/2023\/01\/ama-concept-store-LATREILLESWEATFILLEDUSU-3-200x300.webp 200w, https:\/\/amaconceptstore.fr\/wp-content\/uploads\/2023\/01\/ama-concept-store-LATREILLESWEATFILLEDUSU-3-683x1024.webp 683w, https:\/\/amaconceptstore.fr\/wp-content\/uploads\/2023\/01\/ama-concept-store-LATREILLESWEATFILLEDUSU-3-768x1152.webp 768w\" sizes=\"(max-width: 1000px) 100vw, 1000px\" \/>\t\t\t\t\t\t\t\t\t\t\t<figcaption class=\"widget-image-caption wp-caption-text\"><\/figcaption>\n\t\t\t\t\t\t\t\t\t\t<\/figure>\n\t\t\t\t\t\t\t\t\t<\/div>\n\t\t\t\t<\/div>\n\t\t\t\t\t<\/div>\n\t\t<\/div>\n\t\t\t\t<div class=\"elementor-column elementor-col-50 elementor-top-column elementor-element elementor-element-7b6c05c7\" data-id=\"7b6c05c7\" data-element_type=\"column\" data-e-type=\"column\">\n\t\t\t<div class=\"elementor-widget-wrap elementor-element-populated\">\n\t\t\t\t\t\t<div class=\"elementor-element elementor-element-3cb43886 elementor-invisible elementor-widget elementor-widget-image\" data-id=\"3cb43886\" data-element_type=\"widget\" data-e-type=\"widget\" data-settings=\"{&quot;_animation&quot;:&quot;fadeIn&quot;}\" data-widget_type=\"image.default\">\n\t\t\t\t<div class=\"elementor-widget-container\">\n\t\t\t\t\t\t\t\t\t\t\t\t<figure class=\"wp-caption\">\n\t\t\t\t\t\t\t\t\t\t<img decoding=\"async\" width=\"999\" height=\"1500\" src=\"https:\/\/amaconceptstore.fr\/wp-content\/uploads\/2023\/01\/ama-concept-store-LATREILLESWEATFILLEDUSU-2.webp\" class=\"attachment-full size-full wp-image-422\" alt=\"SWEAT FILLE DU SUD Fabriqu\u00e9 au Portugal dans notre atelier conventionn\u00e9\" srcset=\"https:\/\/amaconceptstore.fr\/wp-content\/uploads\/2023\/01\/ama-concept-store-LATREILLESWEATFILLEDUSU-2.webp 999w, https:\/\/amaconceptstore.fr\/wp-content\/uploads\/2023\/01\/ama-concept-store-LATREILLESWEATFILLEDUSU-2-200x300.webp 200w, https:\/\/amaconceptstore.fr\/wp-content\/uploads\/2023\/01\/ama-concept-store-LATREILLESWEATFILLEDUSU-2-682x1024.webp 682w, https:\/\/amaconceptstore.fr\/wp-content\/uploads\/2023\/01\/ama-concept-store-LATREILLESWEATFILLEDUSU-2-768x1153.webp 768w\" sizes=\"(max-width: 999px) 100vw, 999px\" \/>\t\t\t\t\t\t\t\t\t\t\t<figcaption class=\"widget-image-caption wp-caption-text\"><\/figcaption>\n\t\t\t\t\t\t\t\t\t\t<\/figure>\n\t\t\t\t\t\t\t\t\t<\/div>\n\t\t\t\t<\/div>\n\t\t\t\t<div class=\"elementor-element elementor-element-7bf59d75 elementor-widget elementor-widget-heading\" data-id=\"7bf59d75\" data-element_type=\"widget\" data-e-type=\"widget\" data-widget_type=\"heading.default\">\n\t\t\t\t<div class=\"elementor-widget-container\">\n\t\t\t\t\t<p class=\"elementor-heading-title elementor-size-default\">\u00c0 retrouver en boutique : <\/p>\t\t\t\t<\/div>\n\t\t\t\t<\/div>\n\t\t\t\t<div class=\"elementor-element elementor-element-50436176 elementor-widget elementor-widget-heading\" data-id=\"50436176\" data-element_type=\"widget\" data-e-type=\"widget\" data-widget_type=\"heading.default\">\n\t\t\t\t<div class=\"elementor-widget-container\">\n\t\t\t\t\t<h2 class=\"elementor-heading-title elementor-size-default\">Sweat brod\u00e9 en coton biologique naturel, fabriqu\u00e9 au Portugal dans notre atelier conventionn\u00e9<\/h2>\t\t\t\t<\/div>\n\t\t\t\t<\/div>\n\t\t\t\t\t<\/div>\n\t\t<\/div>\n\t\t\t\t\t<\/div>\n\t\t<\/section>\n\t\t\t\t<section class=\"elementor-section elementor-top-section elementor-element elementor-element-46288908 elementor-section-boxed elementor-section-height-default elementor-section-height-default\" data-id=\"46288908\" data-element_type=\"section\" data-e-type=\"section\">\n\t\t\t\t\t\t<div class=\"elementor-container elementor-column-gap-no\">\n\t\t\t\t\t<div class=\"elementor-column elementor-col-33 elementor-top-column elementor-element elementor-element-6eda499f\" data-id=\"6eda499f\" data-element_type=\"column\" data-e-type=\"column\">\n\t\t\t<div class=\"elementor-widget-wrap elementor-element-populated\">\n\t\t\t\t\t\t<div class=\"elementor-element elementor-element-1b6fadf1 elementor-invisible elementor-widget elementor-widget-image\" data-id=\"1b6fadf1\" data-element_type=\"widget\" data-e-type=\"widget\" data-settings=\"{&quot;_animation&quot;:&quot;fadeIn&quot;}\" data-widget_type=\"image.default\">\n\t\t\t\t<div class=\"elementor-widget-container\">\n\t\t\t\t\t\t\t\t\t\t\t\t<figure class=\"wp-caption\">\n\t\t\t\t\t\t\t\t\t\t<img decoding=\"async\" width=\"1000\" height=\"1500\" src=\"https:\/\/amaconceptstore.fr\/wp-content\/uploads\/2023\/01\/ama-concept-store-LATREILLESWEATFILLEDUSU-4.webp\" class=\"attachment-full size-full wp-image-424\" alt=\"MANTEAU CLAUDIA Fabriqu\u00e9 en France\" srcset=\"https:\/\/amaconceptstore.fr\/wp-content\/uploads\/2023\/01\/ama-concept-store-LATREILLESWEATFILLEDUSU-4.webp 1000w, https:\/\/amaconceptstore.fr\/wp-content\/uploads\/2023\/01\/ama-concept-store-LATREILLESWEATFILLEDUSU-4-200x300.webp 200w, https:\/\/amaconceptstore.fr\/wp-content\/uploads\/2023\/01\/ama-concept-store-LATREILLESWEATFILLEDUSU-4-683x1024.webp 683w, https:\/\/amaconceptstore.fr\/wp-content\/uploads\/2023\/01\/ama-concept-store-LATREILLESWEATFILLEDUSU-4-768x1152.webp 768w\" sizes=\"(max-width: 1000px) 100vw, 1000px\" \/>\t\t\t\t\t\t\t\t\t\t\t<figcaption class=\"widget-image-caption wp-caption-text\"><\/figcaption>\n\t\t\t\t\t\t\t\t\t\t<\/figure>\n\t\t\t\t\t\t\t\t\t<\/div>\n\t\t\t\t<\/div>\n\t\t\t\t<div class=\"elementor-element elementor-element-6433d482 elementor-widget elementor-widget-heading\" data-id=\"6433d482\" data-element_type=\"widget\" data-e-type=\"widget\" data-widget_type=\"heading.default\">\n\t\t\t\t<div class=\"elementor-widget-container\">\n\t\t\t\t\t<p class=\"elementor-heading-title elementor-size-default\">\u00c0 retrouver en boutique : <\/p>\t\t\t\t<\/div>\n\t\t\t\t<\/div>\n\t\t\t\t<div class=\"elementor-element elementor-element-578b0e7d elementor-widget elementor-widget-heading\" data-id=\"578b0e7d\" data-element_type=\"widget\" data-e-type=\"widget\" data-widget_type=\"heading.default\">\n\t\t\t\t<div class=\"elementor-widget-container\">\n\t\t\t\t\t<h2 class=\"elementor-heading-title elementor-size-default\">Manteau Claudia 100% Laine, fabriqu\u00e9 en France <\/h2>\t\t\t\t<\/div>\n\t\t\t\t<\/div>\n\t\t\t\t\t<\/div>\n\t\t<\/div>\n\t\t\t\t<div class=\"elementor-column elementor-col-33 elementor-top-column elementor-element elementor-element-47920e6b\" data-id=\"47920e6b\" data-element_type=\"column\" data-e-type=\"column\">\n\t\t\t<div class=\"elementor-widget-wrap\">\n\t\t\t\t\t\t\t<\/div>\n\t\t<\/div>\n\t\t\t\t<div class=\"elementor-column elementor-col-33 elementor-top-column elementor-element elementor-element-6a95cd12\" data-id=\"6a95cd12\" data-element_type=\"column\" data-e-type=\"column\">\n\t\t\t<div class=\"elementor-widget-wrap elementor-element-populated\">\n\t\t\t\t\t\t<div class=\"elementor-element elementor-element-2e62c74b elementor-invisible elementor-widget elementor-widget-image\" data-id=\"2e62c74b\" data-element_type=\"widget\" data-e-type=\"widget\" data-settings=\"{&quot;_animation&quot;:&quot;fadeIn&quot;}\" data-widget_type=\"image.default\">\n\t\t\t\t<div class=\"elementor-widget-container\">\n\t\t\t\t\t\t\t\t\t\t\t\t<figure class=\"wp-caption\">\n\t\t\t\t\t\t\t\t\t\t<img loading=\"lazy\" decoding=\"async\" width=\"1000\" height=\"1500\" src=\"https:\/\/amaconceptstore.fr\/wp-content\/uploads\/2023\/01\/ama-concept-store-LATREILLESWEATFILLEDUSU-5.webp\" class=\"attachment-full size-full wp-image-425\" alt=\"\" srcset=\"https:\/\/amaconceptstore.fr\/wp-content\/uploads\/2023\/01\/ama-concept-store-LATREILLESWEATFILLEDUSU-5.webp 1000w, https:\/\/amaconceptstore.fr\/wp-content\/uploads\/2023\/01\/ama-concept-store-LATREILLESWEATFILLEDUSU-5-200x300.webp 200w, https:\/\/amaconceptstore.fr\/wp-content\/uploads\/2023\/01\/ama-concept-store-LATREILLESWEATFILLEDUSU-5-683x1024.webp 683w, https:\/\/amaconceptstore.fr\/wp-content\/uploads\/2023\/01\/ama-concept-store-LATREILLESWEATFILLEDUSU-5-768x1152.webp 768w\" sizes=\"(max-width: 1000px) 100vw, 1000px\" \/>\t\t\t\t\t\t\t\t\t\t\t<figcaption class=\"widget-image-caption wp-caption-text\"><\/figcaption>\n\t\t\t\t\t\t\t\t\t\t<\/figure>\n\t\t\t\t\t\t\t\t\t<\/div>\n\t\t\t\t<\/div>\n\t\t\t\t\t<\/div>\n\t\t<\/div>\n\t\t\t\t\t<\/div>\n\t\t<\/section>\n\t\t\t\t<section class=\"elementor-section elementor-top-section elementor-element elementor-element-c398eef elementor-section-full_width elementor-section-height-default elementor-section-height-default\" data-id=\"c398eef\" data-element_type=\"section\" data-e-type=\"section\">\n\t\t\t\t\t\t<div class=\"elementor-container elementor-column-gap-default\">\n\t\t\t\t\t<div class=\"elementor-column elementor-col-100 elementor-top-column elementor-element elementor-element-cda64c8\" data-id=\"cda64c8\" data-element_type=\"column\" data-e-type=\"column\">\n\t\t\t<div class=\"elementor-widget-wrap elementor-element-populated\">\n\t\t\t\t\t\t<div class=\"elementor-element elementor-element-39611e6 elementor-widget elementor-widget-heading\" data-id=\"39611e6\" data-element_type=\"widget\" data-e-type=\"widget\" data-widget_type=\"heading.default\">\n\t\t\t\t<div class=\"elementor-widget-container\">\n\t\t\t\t\t<h3 class=\"elementor-heading-title elementor-size-default\">Vous aimerez aussi...<\/h3>\t\t\t\t<\/div>\n\t\t\t\t<\/div>\n\t\t\t\t<div class=\"elementor-element elementor-element-32e8b78 elementor-widget-divider--view-line elementor-widget elementor-widget-divider\" data-id=\"32e8b78\" data-element_type=\"widget\" data-e-type=\"widget\" data-widget_type=\"divider.default\">\n\t\t\t\t<div class=\"elementor-widget-container\">\n\t\t\t\t\t\t\t<div class=\"elementor-divider\">\n\t\t\t<span class=\"elementor-divider-separator\">\n\t\t\t\t\t\t<\/span>\n\t\t<\/div>\n\t\t\t\t\t\t<\/div>\n\t\t\t\t<\/div>\n\t\t\t\t<div class=\"elementor-element elementor-element-2a5a544 elementor-grid-3 elementor-grid-tablet-2 elementor-grid-mobile-1 elementor-widget elementor-widget-portfolio\" data-id=\"2a5a544\" data-element_type=\"widget\" data-e-type=\"widget\" data-settings=\"{&quot;item_ratio&quot;:{&quot;unit&quot;:&quot;px&quot;,&quot;size&quot;:1.2,&quot;sizes&quot;:[]},&quot;columns&quot;:&quot;3&quot;,&quot;columns_tablet&quot;:&quot;2&quot;,&quot;columns_mobile&quot;:&quot;1&quot;,&quot;item_gap&quot;:{&quot;unit&quot;:&quot;px&quot;,&quot;size&quot;:&quot;&quot;,&quot;sizes&quot;:[]},&quot;row_gap&quot;:{&quot;unit&quot;:&quot;px&quot;,&quot;size&quot;:&quot;&quot;,&quot;sizes&quot;:[]}}\" data-widget_type=\"portfolio.default\">\n\t\t\t\t<div class=\"elementor-widget-container\">\n\t\t\t\t\t\t\t<div class=\"elementor-portfolio elementor-grid elementor-posts-container\" role=\"list\">\n\t\t\t\t<article class=\"elementor-portfolio-item elementor-post  post-1256 post type-post status-publish format-standard has-post-thumbnail hentry category-decoration\" role=\"listitem\">\n\t\t\t<a class=\"elementor-post__thumbnail__link\" href=\"https:\/\/amaconceptstore.fr\/index.php\/2023\/11\/20\/flaire-lyon\/\">\n\t\t\t\t<div class=\"elementor-portfolio-item__img elementor-post__thumbnail\">\n\t\t\t<img loading=\"lazy\" decoding=\"async\" width=\"720\" height=\"958\" src=\"https:\/\/amaconceptstore.fr\/wp-content\/uploads\/2023\/11\/ama-concept-store-lyon-flaire-bougie-olive-2.jpg\" class=\"attachment-full size-full wp-image-1258\" alt=\"\" srcset=\"https:\/\/amaconceptstore.fr\/wp-content\/uploads\/2023\/11\/ama-concept-store-lyon-flaire-bougie-olive-2.jpg 720w, https:\/\/amaconceptstore.fr\/wp-content\/uploads\/2023\/11\/ama-concept-store-lyon-flaire-bougie-olive-2-225x300.jpg 225w\" sizes=\"(max-width: 720px) 100vw, 720px\" \/>\t\t<\/div>\n\t\t\t\t<div class=\"elementor-portfolio-item__overlay\">\n\t\t\t\t<h2 class=\"elementor-portfolio-item__title\">\n\t\tFlai(Re)\t\t<\/h2>\n\t\t\t\t<\/div>\n\t\t\t\t<\/a>\n\t\t<\/article>\n\t\t\t\t<article class=\"elementor-portfolio-item elementor-post  post-1243 post type-post status-publish format-standard has-post-thumbnail hentry category-decoration\" role=\"listitem\">\n\t\t\t<a class=\"elementor-post__thumbnail__link\" href=\"https:\/\/amaconceptstore.fr\/index.php\/2023\/11\/20\/maison-tchin-tchin\/\">\n\t\t\t\t<div class=\"elementor-portfolio-item__img elementor-post__thumbnail\">\n\t\t\t<img loading=\"lazy\" decoding=\"async\" width=\"1100\" height=\"1100\" src=\"https:\/\/amaconceptstore.fr\/wp-content\/uploads\/2023\/11\/BOUGIE-PARFUMEE-CHARDONNAY-1.1_1100x.webp\" class=\"attachment-full size-full wp-image-1244\" alt=\"\" srcset=\"https:\/\/amaconceptstore.fr\/wp-content\/uploads\/2023\/11\/BOUGIE-PARFUMEE-CHARDONNAY-1.1_1100x.webp 1100w, https:\/\/amaconceptstore.fr\/wp-content\/uploads\/2023\/11\/BOUGIE-PARFUMEE-CHARDONNAY-1.1_1100x-300x300.webp 300w, https:\/\/amaconceptstore.fr\/wp-content\/uploads\/2023\/11\/BOUGIE-PARFUMEE-CHARDONNAY-1.1_1100x-1024x1024.webp 1024w, https:\/\/amaconceptstore.fr\/wp-content\/uploads\/2023\/11\/BOUGIE-PARFUMEE-CHARDONNAY-1.1_1100x-150x150.webp 150w, https:\/\/amaconceptstore.fr\/wp-content\/uploads\/2023\/11\/BOUGIE-PARFUMEE-CHARDONNAY-1.1_1100x-768x768.webp 768w\" sizes=\"(max-width: 1100px) 100vw, 1100px\" \/>\t\t<\/div>\n\t\t\t\t<div class=\"elementor-portfolio-item__overlay\">\n\t\t\t\t<h2 class=\"elementor-portfolio-item__title\">\n\t\tMaison Tchin Tchin\t\t<\/h2>\n\t\t\t\t<\/div>\n\t\t\t\t<\/a>\n\t\t<\/article>\n\t\t\t\t<article class=\"elementor-portfolio-item elementor-post  post-1209 post type-post status-publish format-standard has-post-thumbnail hentry category-lingerie\" role=\"listitem\">\n\t\t\t<a class=\"elementor-post__thumbnail__link\" href=\"https:\/\/amaconceptstore.fr\/index.php\/2023\/11\/20\/chichi-castelnango\/\">\n\t\t\t\t<div class=\"elementor-portfolio-item__img elementor-post__thumbnail\">\n\t\t\t<img loading=\"lazy\" decoding=\"async\" width=\"1000\" height=\"1500\" src=\"https:\/\/amaconceptstore.fr\/wp-content\/uploads\/2023\/11\/Chichi-Castelnango-lyon-ama-concept-store-9.jpg\" class=\"attachment-full size-full wp-image-1214\" alt=\"\" srcset=\"https:\/\/amaconceptstore.fr\/wp-content\/uploads\/2023\/11\/Chichi-Castelnango-lyon-ama-concept-store-9.jpg 1000w, https:\/\/amaconceptstore.fr\/wp-content\/uploads\/2023\/11\/Chichi-Castelnango-lyon-ama-concept-store-9-200x300.jpg 200w, https:\/\/amaconceptstore.fr\/wp-content\/uploads\/2023\/11\/Chichi-Castelnango-lyon-ama-concept-store-9-683x1024.jpg 683w, https:\/\/amaconceptstore.fr\/wp-content\/uploads\/2023\/11\/Chichi-Castelnango-lyon-ama-concept-store-9-768x1152.jpg 768w\" sizes=\"(max-width: 1000px) 100vw, 1000px\" \/>\t\t<\/div>\n\t\t\t\t<div class=\"elementor-portfolio-item__overlay\">\n\t\t\t\t<h2 class=\"elementor-portfolio-item__title\">\n\t\tChichi Castelnango\t\t<\/h2>\n\t\t\t\t<\/div>\n\t\t\t\t<\/a>\n\t\t<\/article>\n\t\t\t\t<\/div>\n\t\t\t\t\t\t<\/div>\n\t\t\t\t<\/div>\n\t\t\t\t\t<\/div>\n\t\t<\/div>\n\t\t\t\t\t<\/div>\n\t\t<\/section>\n\t\t\t\t<\/div>\n\t\t","protected":false},"excerpt":{"rendered":"<p>Pr\u00eat \u00e0 porter, marque fran\u00e7aise ind\u00e9pendante et designer en France La Treille Maison Ensoleill\u00e9e \u00e0 Lyon La Treille Maison Ensoleill\u00e9e, c\u2019est avant tout une soif de libert\u00e9, une envie de cr\u00e9er sans jamais se restreindre. La cr\u00e9atrice Marine Dabancourt offre tout son amour et son savoir-faire pour vous proposer des collections uniques, qui sentent bon [&hellip;]<\/p>\n","protected":false},"author":1,"featured_media":420,"comment_status":"open","ping_status":"open","sticky":false,"template":"elementor_header_footer","format":"standard","meta":{"_monsterinsights_skip_tracking":false,"_monsterinsights_sitenote_active":false,"_monsterinsights_sitenote_note":"","_monsterinsights_sitenote_category":0,"footnotes":""},"categories":[1],"tags":[39,40,24,30,11,22,38,23],"class_list":["post-419","post","type-post","status-publish","format-standard","has-post-thumbnail","hentry","category-vetements","tag-boheme","tag-chic","tag-concept-store","tag-ethique","tag-lyon","tag-marque","tag-retro","tag-tendance"],"yoast_head":"<!-- This site is optimized with the Yoast SEO plugin v27.5 - https:\/\/yoast.com\/product\/yoast-seo-wordpress\/ -->\n<title>La Treille Maison Ensoleill\u00e9e - AMA Concept Store<\/title>\n<meta name=\"description\" content=\"La Treille Maison Ensoleill\u00e9e, c\u2019est une nouvelle marque au style r\u00e9solument r\u00e9tro et boh\u00e8me, s&#039;invite \u00e0 Lyon chez AMA Concept Store\" \/>\n<meta name=\"robots\" content=\"index, follow, max-snippet:-1, max-image-preview:large, max-video-preview:-1\" \/>\n<link rel=\"canonical\" href=\"https:\/\/amaconceptstore.fr\/index.php\/2023\/01\/09\/marques-la-treille-maison-ensoleille\/\" \/>\n<meta property=\"og:locale\" content=\"fr_FR\" \/>\n<meta property=\"og:type\" content=\"article\" \/>\n<meta property=\"og:title\" content=\"La Treille Maison Ensoleill\u00e9e - AMA Concept Store\" \/>\n<meta property=\"og:description\" content=\"La Treille Maison Ensoleill\u00e9e, c\u2019est une nouvelle marque au style r\u00e9solument r\u00e9tro et boh\u00e8me, s&#039;invite \u00e0 Lyon chez AMA Concept Store\" \/>\n<meta property=\"og:url\" content=\"https:\/\/amaconceptstore.fr\/index.php\/2023\/01\/09\/marques-la-treille-maison-ensoleille\/\" \/>\n<meta property=\"og:site_name\" content=\"AMA Concept Store\" \/>\n<meta property=\"article:published_time\" content=\"2023-01-09T10:06:01+00:00\" \/>\n<meta property=\"article:modified_time\" content=\"2023-01-23T15:38:59+00:00\" \/>\n<meta property=\"og:image\" content=\"https:\/\/amaconceptstore.fr\/wp-content\/uploads\/2023\/01\/ama-concept-store-LA-TREILLE-CHEMISE-ROMY-ARDOISE-.jpg\" \/>\n\t<meta property=\"og:image:width\" content=\"701\" \/>\n\t<meta property=\"og:image:height\" content=\"901\" \/>\n\t<meta property=\"og:image:type\" content=\"image\/jpeg\" \/>\n<meta name=\"author\" content=\"Guillaume\" \/>\n<meta name=\"twitter:card\" content=\"summary_large_image\" \/>\n<meta name=\"twitter:label1\" content=\"\u00c9crit par\" \/>\n\t<meta name=\"twitter:data1\" content=\"Guillaume\" \/>\n\t<meta name=\"twitter:label2\" content=\"Dur\u00e9e de lecture estim\u00e9e\" \/>\n\t<meta name=\"twitter:data2\" content=\"3 minutes\" \/>\n<script type=\"application\/ld+json\" class=\"yoast-schema-graph\">{\"@context\":\"https:\\\/\\\/schema.org\",\"@graph\":[{\"@type\":\"Article\",\"@id\":\"https:\\\/\\\/amaconceptstore.fr\\\/index.php\\\/2023\\\/01\\\/09\\\/marques-la-treille-maison-ensoleille\\\/#article\",\"isPartOf\":{\"@id\":\"https:\\\/\\\/amaconceptstore.fr\\\/index.php\\\/2023\\\/01\\\/09\\\/marques-la-treille-maison-ensoleille\\\/\"},\"author\":{\"name\":\"Guillaume\",\"@id\":\"https:\\\/\\\/amaconceptstore.fr\\\/#\\\/schema\\\/person\\\/c3f40060a6e2e16d374be8e80b3e6e55\"},\"headline\":\"La Treille Maison Ensoleill\u00e9e\",\"datePublished\":\"2023-01-09T10:06:01+00:00\",\"dateModified\":\"2023-01-23T15:38:59+00:00\",\"mainEntityOfPage\":{\"@id\":\"https:\\\/\\\/amaconceptstore.fr\\\/index.php\\\/2023\\\/01\\\/09\\\/marques-la-treille-maison-ensoleille\\\/\"},\"wordCount\":213,\"commentCount\":0,\"publisher\":{\"@id\":\"https:\\\/\\\/amaconceptstore.fr\\\/#organization\"},\"image\":{\"@id\":\"https:\\\/\\\/amaconceptstore.fr\\\/index.php\\\/2023\\\/01\\\/09\\\/marques-la-treille-maison-ensoleille\\\/#primaryimage\"},\"thumbnailUrl\":\"https:\\\/\\\/amaconceptstore.fr\\\/wp-content\\\/uploads\\\/2023\\\/01\\\/ama-concept-store-LA-TREILLE-CHEMISE-ROMY-ARDOISE-.jpg\",\"keywords\":[\"boh\u00e8me\",\"chic\",\"concept store\",\"\u00e9thique\",\"lyon\",\"marque\",\"r\u00e9tro\",\"tendance\"],\"articleSection\":[\"V\u00eatements\"],\"inLanguage\":\"fr-FR\",\"potentialAction\":[{\"@type\":\"CommentAction\",\"name\":\"Comment\",\"target\":[\"https:\\\/\\\/amaconceptstore.fr\\\/index.php\\\/2023\\\/01\\\/09\\\/marques-la-treille-maison-ensoleille\\\/#respond\"]}]},{\"@type\":\"WebPage\",\"@id\":\"https:\\\/\\\/amaconceptstore.fr\\\/index.php\\\/2023\\\/01\\\/09\\\/marques-la-treille-maison-ensoleille\\\/\",\"url\":\"https:\\\/\\\/amaconceptstore.fr\\\/index.php\\\/2023\\\/01\\\/09\\\/marques-la-treille-maison-ensoleille\\\/\",\"name\":\"La Treille Maison Ensoleill\u00e9e - AMA Concept Store\",\"isPartOf\":{\"@id\":\"https:\\\/\\\/amaconceptstore.fr\\\/#website\"},\"primaryImageOfPage\":{\"@id\":\"https:\\\/\\\/amaconceptstore.fr\\\/index.php\\\/2023\\\/01\\\/09\\\/marques-la-treille-maison-ensoleille\\\/#primaryimage\"},\"image\":{\"@id\":\"https:\\\/\\\/amaconceptstore.fr\\\/index.php\\\/2023\\\/01\\\/09\\\/marques-la-treille-maison-ensoleille\\\/#primaryimage\"},\"thumbnailUrl\":\"https:\\\/\\\/amaconceptstore.fr\\\/wp-content\\\/uploads\\\/2023\\\/01\\\/ama-concept-store-LA-TREILLE-CHEMISE-ROMY-ARDOISE-.jpg\",\"datePublished\":\"2023-01-09T10:06:01+00:00\",\"dateModified\":\"2023-01-23T15:38:59+00:00\",\"description\":\"La Treille Maison Ensoleill\u00e9e, c\u2019est une nouvelle marque au style r\u00e9solument r\u00e9tro et boh\u00e8me, s'invite \u00e0 Lyon chez AMA Concept Store\",\"breadcrumb\":{\"@id\":\"https:\\\/\\\/amaconceptstore.fr\\\/index.php\\\/2023\\\/01\\\/09\\\/marques-la-treille-maison-ensoleille\\\/#breadcrumb\"},\"inLanguage\":\"fr-FR\",\"potentialAction\":[{\"@type\":\"ReadAction\",\"target\":[\"https:\\\/\\\/amaconceptstore.fr\\\/index.php\\\/2023\\\/01\\\/09\\\/marques-la-treille-maison-ensoleille\\\/\"]}]},{\"@type\":\"ImageObject\",\"inLanguage\":\"fr-FR\",\"@id\":\"https:\\\/\\\/amaconceptstore.fr\\\/index.php\\\/2023\\\/01\\\/09\\\/marques-la-treille-maison-ensoleille\\\/#primaryimage\",\"url\":\"https:\\\/\\\/amaconceptstore.fr\\\/wp-content\\\/uploads\\\/2023\\\/01\\\/ama-concept-store-LA-TREILLE-CHEMISE-ROMY-ARDOISE-.jpg\",\"contentUrl\":\"https:\\\/\\\/amaconceptstore.fr\\\/wp-content\\\/uploads\\\/2023\\\/01\\\/ama-concept-store-LA-TREILLE-CHEMISE-ROMY-ARDOISE-.jpg\",\"width\":701,\"height\":901,\"caption\":\"CHEMISE ROMY - Chocolat\"},{\"@type\":\"BreadcrumbList\",\"@id\":\"https:\\\/\\\/amaconceptstore.fr\\\/index.php\\\/2023\\\/01\\\/09\\\/marques-la-treille-maison-ensoleille\\\/#breadcrumb\",\"itemListElement\":[{\"@type\":\"ListItem\",\"position\":1,\"name\":\"Accueil\",\"item\":\"https:\\\/\\\/amaconceptstore.fr\\\/\"},{\"@type\":\"ListItem\",\"position\":2,\"name\":\"La Treille Maison Ensoleill\u00e9e\"}]},{\"@type\":\"WebSite\",\"@id\":\"https:\\\/\\\/amaconceptstore.fr\\\/#website\",\"url\":\"https:\\\/\\\/amaconceptstore.fr\\\/\",\"name\":\"AMA Concept Store\",\"description\":\"Boutique de pr\u00eat \u00e0 porter : Accessoires, Lingerie, Bijoux\",\"publisher\":{\"@id\":\"https:\\\/\\\/amaconceptstore.fr\\\/#organization\"},\"potentialAction\":[{\"@type\":\"SearchAction\",\"target\":{\"@type\":\"EntryPoint\",\"urlTemplate\":\"https:\\\/\\\/amaconceptstore.fr\\\/?s={search_term_string}\"},\"query-input\":{\"@type\":\"PropertyValueSpecification\",\"valueRequired\":true,\"valueName\":\"search_term_string\"}}],\"inLanguage\":\"fr-FR\"},{\"@type\":\"Organization\",\"@id\":\"https:\\\/\\\/amaconceptstore.fr\\\/#organization\",\"name\":\"AMA Concept Store\",\"url\":\"https:\\\/\\\/amaconceptstore.fr\\\/\",\"logo\":{\"@type\":\"ImageObject\",\"inLanguage\":\"fr-FR\",\"@id\":\"https:\\\/\\\/amaconceptstore.fr\\\/#\\\/schema\\\/logo\\\/image\\\/\",\"url\":\"https:\\\/\\\/amaconceptstore.fr\\\/wp-content\\\/uploads\\\/2022\\\/11\\\/AMA-Concept-Store-Logo.png\",\"contentUrl\":\"https:\\\/\\\/amaconceptstore.fr\\\/wp-content\\\/uploads\\\/2022\\\/11\\\/AMA-Concept-Store-Logo.png\",\"width\":860,\"height\":337,\"caption\":\"AMA Concept Store\"},\"image\":{\"@id\":\"https:\\\/\\\/amaconceptstore.fr\\\/#\\\/schema\\\/logo\\\/image\\\/\"},\"sameAs\":[\"https:\\\/\\\/www.instagram.com\\\/amaconceptstore\\\/\"]},{\"@type\":\"Person\",\"@id\":\"https:\\\/\\\/amaconceptstore.fr\\\/#\\\/schema\\\/person\\\/c3f40060a6e2e16d374be8e80b3e6e55\",\"name\":\"Guillaume\",\"image\":{\"@type\":\"ImageObject\",\"inLanguage\":\"fr-FR\",\"@id\":\"https:\\\/\\\/secure.gravatar.com\\\/avatar\\\/e04cafaaf1157ad0b7fbd48e3846aa427b81e61ea827e1621776382505e4b723?s=96&d=mm&r=g\",\"url\":\"https:\\\/\\\/secure.gravatar.com\\\/avatar\\\/e04cafaaf1157ad0b7fbd48e3846aa427b81e61ea827e1621776382505e4b723?s=96&d=mm&r=g\",\"contentUrl\":\"https:\\\/\\\/secure.gravatar.com\\\/avatar\\\/e04cafaaf1157ad0b7fbd48e3846aa427b81e61ea827e1621776382505e4b723?s=96&d=mm&r=g\",\"caption\":\"Guillaume\"},\"sameAs\":[\"https:\\\/\\\/amaconceptstore.fr\"],\"url\":\"https:\\\/\\\/amaconceptstore.fr\\\/index.php\\\/author\\\/guillaume\\\/\"}]}<\/script>\n<!-- \/ Yoast SEO plugin. -->","yoast_head_json":{"title":"La Treille Maison Ensoleill\u00e9e - AMA Concept Store","description":"La Treille Maison Ensoleill\u00e9e, c\u2019est une nouvelle marque au style r\u00e9solument r\u00e9tro et boh\u00e8me, s'invite \u00e0 Lyon chez AMA Concept Store","robots":{"index":"index","follow":"follow","max-snippet":"max-snippet:-1","max-image-preview":"max-image-preview:large","max-video-preview":"max-video-preview:-1"},"canonical":"https:\/\/amaconceptstore.fr\/index.php\/2023\/01\/09\/marques-la-treille-maison-ensoleille\/","og_locale":"fr_FR","og_type":"article","og_title":"La Treille Maison Ensoleill\u00e9e - AMA Concept Store","og_description":"La Treille Maison Ensoleill\u00e9e, c\u2019est une nouvelle marque au style r\u00e9solument r\u00e9tro et boh\u00e8me, s'invite \u00e0 Lyon chez AMA Concept Store","og_url":"https:\/\/amaconceptstore.fr\/index.php\/2023\/01\/09\/marques-la-treille-maison-ensoleille\/","og_site_name":"AMA Concept Store","article_published_time":"2023-01-09T10:06:01+00:00","article_modified_time":"2023-01-23T15:38:59+00:00","og_image":[{"width":701,"height":901,"url":"https:\/\/amaconceptstore.fr\/wp-content\/uploads\/2023\/01\/ama-concept-store-LA-TREILLE-CHEMISE-ROMY-ARDOISE-.jpg","type":"image\/jpeg"}],"author":"Guillaume","twitter_card":"summary_large_image","twitter_misc":{"\u00c9crit par":"Guillaume","Dur\u00e9e de lecture estim\u00e9e":"3 minutes"},"schema":{"@context":"https:\/\/schema.org","@graph":[{"@type":"Article","@id":"https:\/\/amaconceptstore.fr\/index.php\/2023\/01\/09\/marques-la-treille-maison-ensoleille\/#article","isPartOf":{"@id":"https:\/\/amaconceptstore.fr\/index.php\/2023\/01\/09\/marques-la-treille-maison-ensoleille\/"},"author":{"name":"Guillaume","@id":"https:\/\/amaconceptstore.fr\/#\/schema\/person\/c3f40060a6e2e16d374be8e80b3e6e55"},"headline":"La Treille Maison Ensoleill\u00e9e","datePublished":"2023-01-09T10:06:01+00:00","dateModified":"2023-01-23T15:38:59+00:00","mainEntityOfPage":{"@id":"https:\/\/amaconceptstore.fr\/index.php\/2023\/01\/09\/marques-la-treille-maison-ensoleille\/"},"wordCount":213,"commentCount":0,"publisher":{"@id":"https:\/\/amaconceptstore.fr\/#organization"},"image":{"@id":"https:\/\/amaconceptstore.fr\/index.php\/2023\/01\/09\/marques-la-treille-maison-ensoleille\/#primaryimage"},"thumbnailUrl":"https:\/\/amaconceptstore.fr\/wp-content\/uploads\/2023\/01\/ama-concept-store-LA-TREILLE-CHEMISE-ROMY-ARDOISE-.jpg","keywords":["boh\u00e8me","chic","concept store","\u00e9thique","lyon","marque","r\u00e9tro","tendance"],"articleSection":["V\u00eatements"],"inLanguage":"fr-FR","potentialAction":[{"@type":"CommentAction","name":"Comment","target":["https:\/\/amaconceptstore.fr\/index.php\/2023\/01\/09\/marques-la-treille-maison-ensoleille\/#respond"]}]},{"@type":"WebPage","@id":"https:\/\/amaconceptstore.fr\/index.php\/2023\/01\/09\/marques-la-treille-maison-ensoleille\/","url":"https:\/\/amaconceptstore.fr\/index.php\/2023\/01\/09\/marques-la-treille-maison-ensoleille\/","name":"La Treille Maison Ensoleill\u00e9e - AMA Concept Store","isPartOf":{"@id":"https:\/\/amaconceptstore.fr\/#website"},"primaryImageOfPage":{"@id":"https:\/\/amaconceptstore.fr\/index.php\/2023\/01\/09\/marques-la-treille-maison-ensoleille\/#primaryimage"},"image":{"@id":"https:\/\/amaconceptstore.fr\/index.php\/2023\/01\/09\/marques-la-treille-maison-ensoleille\/#primaryimage"},"thumbnailUrl":"https:\/\/amaconceptstore.fr\/wp-content\/uploads\/2023\/01\/ama-concept-store-LA-TREILLE-CHEMISE-ROMY-ARDOISE-.jpg","datePublished":"2023-01-09T10:06:01+00:00","dateModified":"2023-01-23T15:38:59+00:00","description":"La Treille Maison Ensoleill\u00e9e, c\u2019est une nouvelle marque au style r\u00e9solument r\u00e9tro et boh\u00e8me, s'invite \u00e0 Lyon chez AMA Concept Store","breadcrumb":{"@id":"https:\/\/amaconceptstore.fr\/index.php\/2023\/01\/09\/marques-la-treille-maison-ensoleille\/#breadcrumb"},"inLanguage":"fr-FR","potentialAction":[{"@type":"ReadAction","target":["https:\/\/amaconceptstore.fr\/index.php\/2023\/01\/09\/marques-la-treille-maison-ensoleille\/"]}]},{"@type":"ImageObject","inLanguage":"fr-FR","@id":"https:\/\/amaconceptstore.fr\/index.php\/2023\/01\/09\/marques-la-treille-maison-ensoleille\/#primaryimage","url":"https:\/\/amaconceptstore.fr\/wp-content\/uploads\/2023\/01\/ama-concept-store-LA-TREILLE-CHEMISE-ROMY-ARDOISE-.jpg","contentUrl":"https:\/\/amaconceptstore.fr\/wp-content\/uploads\/2023\/01\/ama-concept-store-LA-TREILLE-CHEMISE-ROMY-ARDOISE-.jpg","width":701,"height":901,"caption":"CHEMISE ROMY - Chocolat"},{"@type":"BreadcrumbList","@id":"https:\/\/amaconceptstore.fr\/index.php\/2023\/01\/09\/marques-la-treille-maison-ensoleille\/#breadcrumb","itemListElement":[{"@type":"ListItem","position":1,"name":"Accueil","item":"https:\/\/amaconceptstore.fr\/"},{"@type":"ListItem","position":2,"name":"La Treille Maison Ensoleill\u00e9e"}]},{"@type":"WebSite","@id":"https:\/\/amaconceptstore.fr\/#website","url":"https:\/\/amaconceptstore.fr\/","name":"AMA Concept Store","description":"Boutique de pr\u00eat \u00e0 porter : Accessoires, Lingerie, Bijoux","publisher":{"@id":"https:\/\/amaconceptstore.fr\/#organization"},"potentialAction":[{"@type":"SearchAction","target":{"@type":"EntryPoint","urlTemplate":"https:\/\/amaconceptstore.fr\/?s={search_term_string}"},"query-input":{"@type":"PropertyValueSpecification","valueRequired":true,"valueName":"search_term_string"}}],"inLanguage":"fr-FR"},{"@type":"Organization","@id":"https:\/\/amaconceptstore.fr\/#organization","name":"AMA Concept Store","url":"https:\/\/amaconceptstore.fr\/","logo":{"@type":"ImageObject","inLanguage":"fr-FR","@id":"https:\/\/amaconceptstore.fr\/#\/schema\/logo\/image\/","url":"https:\/\/amaconceptstore.fr\/wp-content\/uploads\/2022\/11\/AMA-Concept-Store-Logo.png","contentUrl":"https:\/\/amaconceptstore.fr\/wp-content\/uploads\/2022\/11\/AMA-Concept-Store-Logo.png","width":860,"height":337,"caption":"AMA Concept Store"},"image":{"@id":"https:\/\/amaconceptstore.fr\/#\/schema\/logo\/image\/"},"sameAs":["https:\/\/www.instagram.com\/amaconceptstore\/"]},{"@type":"Person","@id":"https:\/\/amaconceptstore.fr\/#\/schema\/person\/c3f40060a6e2e16d374be8e80b3e6e55","name":"Guillaume","image":{"@type":"ImageObject","inLanguage":"fr-FR","@id":"https:\/\/secure.gravatar.com\/avatar\/e04cafaaf1157ad0b7fbd48e3846aa427b81e61ea827e1621776382505e4b723?s=96&d=mm&r=g","url":"https:\/\/secure.gravatar.com\/avatar\/e04cafaaf1157ad0b7fbd48e3846aa427b81e61ea827e1621776382505e4b723?s=96&d=mm&r=g","contentUrl":"https:\/\/secure.gravatar.com\/avatar\/e04cafaaf1157ad0b7fbd48e3846aa427b81e61ea827e1621776382505e4b723?s=96&d=mm&r=g","caption":"Guillaume"},"sameAs":["https:\/\/amaconceptstore.fr"],"url":"https:\/\/amaconceptstore.fr\/index.php\/author\/guillaume\/"}]}},"_links":{"self":[{"href":"https:\/\/amaconceptstore.fr\/index.php\/wp-json\/wp\/v2\/posts\/419","targetHints":{"allow":["GET"]}}],"collection":[{"href":"https:\/\/amaconceptstore.fr\/index.php\/wp-json\/wp\/v2\/posts"}],"about":[{"href":"https:\/\/amaconceptstore.fr\/index.php\/wp-json\/wp\/v2\/types\/post"}],"author":[{"embeddable":true,"href":"https:\/\/amaconceptstore.fr\/index.php\/wp-json\/wp\/v2\/users\/1"}],"replies":[{"embeddable":true,"href":"https:\/\/amaconceptstore.fr\/index.php\/wp-json\/wp\/v2\/comments?post=419"}],"version-history":[{"count":75,"href":"https:\/\/amaconceptstore.fr\/index.php\/wp-json\/wp\/v2\/posts\/419\/revisions"}],"predecessor-version":[{"id":1075,"href":"https:\/\/amaconceptstore.fr\/index.php\/wp-json\/wp\/v2\/posts\/419\/revisions\/1075"}],"wp:featuredmedia":[{"embeddable":true,"href":"https:\/\/amaconceptstore.fr\/index.php\/wp-json\/wp\/v2\/media\/420"}],"wp:attachment":[{"href":"https:\/\/amaconceptstore.fr\/index.php\/wp-json\/wp\/v2\/media?parent=419"}],"wp:term":[{"taxonomy":"category","embeddable":true,"href":"https:\/\/amaconceptstore.fr\/index.php\/wp-json\/wp\/v2\/categories?post=419"},{"taxonomy":"post_tag","embeddable":true,"href":"https:\/\/amaconceptstore.fr\/index.php\/wp-json\/wp\/v2\/tags?post=419"}],"curies":[{"name":"wp","href":"https:\/\/api.w.org\/{rel}","templated":true}]}}