{"id":1256,"date":"2023-11-20T10:03:04","date_gmt":"2023-11-20T10:03:04","guid":{"rendered":"https:\/\/amaconceptstore.fr\/?p=1256"},"modified":"2023-11-20T10:03:13","modified_gmt":"2023-11-20T10:03:13","slug":"flaire-lyon","status":"publish","type":"post","link":"https:\/\/amaconceptstore.fr\/index.php\/2023\/11\/20\/flaire-lyon\/","title":{"rendered":"Flai(Re)"},"content":{"rendered":"\t\t<div data-elementor-type=\"wp-post\" data-elementor-id=\"1256\" class=\"elementor elementor-1256\" data-elementor-post-type=\"post\">\n\t\t\t\t\t\t<section class=\"elementor-section elementor-top-section elementor-element elementor-element-7b99667f elementor-section-height-min-height elementor-section-items-stretch elementor-section-full_width elementor-section-height-default\" data-id=\"7b99667f\" data-element_type=\"section\" data-e-type=\"section\">\n\t\t\t\t\t\t<div class=\"elementor-container elementor-column-gap-no\">\n\t\t\t\t\t<div class=\"elementor-column elementor-col-50 elementor-top-column elementor-element elementor-element-319ebc6c\" data-id=\"319ebc6c\" data-element_type=\"column\" data-e-type=\"column\">\n\t\t\t<div class=\"elementor-widget-wrap elementor-element-populated\">\n\t\t\t\t\t\t<div class=\"elementor-element elementor-element-709987e7 elementor-widget elementor-widget-heading\" data-id=\"709987e7\" data-element_type=\"widget\" data-e-type=\"widget\" data-widget_type=\"heading.default\">\n\t\t\t\t<div class=\"elementor-widget-container\">\n\t\t\t\t\t<h3 class=\"elementor-heading-title elementor-size-default\">Marque fran\u00e7aise de bougies<\/h3>\t\t\t\t<\/div>\n\t\t\t\t<\/div>\n\t\t\t\t<div class=\"elementor-element elementor-element-34af72ee elementor-widget-divider--view-line elementor-widget elementor-widget-divider\" data-id=\"34af72ee\" data-element_type=\"widget\" data-e-type=\"widget\" data-widget_type=\"divider.default\">\n\t\t\t\t<div class=\"elementor-widget-container\">\n\t\t\t\t\t\t\t<div class=\"elementor-divider\">\n\t\t\t<span class=\"elementor-divider-separator\">\n\t\t\t\t\t\t<\/span>\n\t\t<\/div>\n\t\t\t\t\t\t<\/div>\n\t\t\t\t<\/div>\n\t\t\t\t<section class=\"elementor-section elementor-inner-section elementor-element elementor-element-33681a35 elementor-section-full_width elementor-section-height-min-height elementor-section-content-middle elementor-section-height-default\" data-id=\"33681a35\" data-element_type=\"section\" data-e-type=\"section\">\n\t\t\t\t\t\t<div class=\"elementor-container elementor-column-gap-no\">\n\t\t\t\t\t<div class=\"elementor-column elementor-col-100 elementor-inner-column elementor-element elementor-element-543e7991\" data-id=\"543e7991\" data-element_type=\"column\" data-e-type=\"column\">\n\t\t\t<div class=\"elementor-widget-wrap elementor-element-populated\">\n\t\t\t\t\t\t<div class=\"elementor-element elementor-element-571acf86 elementor-invisible elementor-widget elementor-widget-heading\" data-id=\"571acf86\" data-element_type=\"widget\" data-e-type=\"widget\" data-settings=\"{&quot;_animation&quot;:&quot;fadeIn&quot;}\" data-widget_type=\"heading.default\">\n\t\t\t\t<div class=\"elementor-widget-container\">\n\t\t\t\t\t<h1 class=\"elementor-heading-title elementor-size-default\">Flai(re) Enthousiasme olfactif<\/h1>\t\t\t\t<\/div>\n\t\t\t\t<\/div>\n\t\t\t\t<div class=\"elementor-element elementor-element-1c35e570 elementor-drop-cap-yes justi elementor-drop-cap-view-default elementor-widget elementor-widget-text-editor\" data-id=\"1c35e570\" data-element_type=\"widget\" data-e-type=\"widget\" data-settings=\"{&quot;drop_cap&quot;:&quot;yes&quot;}\" data-widget_type=\"text-editor.default\">\n\t\t\t\t<div class=\"elementor-widget-container\">\n\t\t\t\t\t\t\t\t\t<p><\/p><p>Marque in\u00e9dite de senteurs fabriqu\u00e9e en Provence par Marine, sa cr\u00e9atrice. Son ingr\u00e9dient principal c\u2019est la Cire d\u2019Olive issue de la revalorisation des d\u00e9chets, ses bougies vous feront vivre une histoire olfactive respectueuse de la nature et des hommes. La naturalit\u00e9 est au c\u0153ur de ses pr\u00e9occupations avec un minimum de 90% d\u2019ingr\u00e9dients d\u2019origine naturelle dans chacun de ses produits. Une empreinte naturelle que l\u2019on retrouve jusque dans les emballages, avec des mati\u00e8res r\u00e9utilisables et recyclables.<\/p><p><\/p>\t\t\t\t\t\t\t\t<\/div>\n\t\t\t\t<\/div>\n\t\t\t\t\t<\/div>\n\t\t<\/div>\n\t\t\t\t\t<\/div>\n\t\t<\/section>\n\t\t\t\t<section class=\"elementor-section elementor-inner-section elementor-element elementor-element-25a32a9b elementor-section-full_width elementor-section-height-min-height elementor-section-content-middle elementor-section-height-default\" data-id=\"25a32a9b\" data-element_type=\"section\" data-e-type=\"section\">\n\t\t\t\t\t\t<div class=\"elementor-container elementor-column-gap-no\">\n\t\t\t\t\t<div class=\"elementor-column elementor-col-50 elementor-inner-column elementor-element elementor-element-4eaa56de\" data-id=\"4eaa56de\" data-element_type=\"column\" data-e-type=\"column\">\n\t\t\t<div class=\"elementor-widget-wrap elementor-element-populated\">\n\t\t\t\t\t\t<div class=\"elementor-element elementor-element-22ebde70 elementor-widget elementor-widget-heading\" data-id=\"22ebde70\" data-element_type=\"widget\" data-e-type=\"widget\" data-widget_type=\"heading.default\">\n\t\t\t\t<div class=\"elementor-widget-container\">\n\t\t\t\t\t<p class=\"elementor-heading-title elementor-size-default\">\u00a9 Photos tous droits r\u00e9serv\u00e9s \u00e0 Flai(re)<\/p>\t\t\t\t<\/div>\n\t\t\t\t<\/div>\n\t\t\t\t\t<\/div>\n\t\t<\/div>\n\t\t\t\t<div class=\"elementor-column elementor-col-50 elementor-inner-column elementor-element elementor-element-f04fc76\" data-id=\"f04fc76\" data-element_type=\"column\" data-e-type=\"column\">\n\t\t\t<div class=\"elementor-widget-wrap elementor-element-populated\">\n\t\t\t\t\t\t<div class=\"elementor-element elementor-element-537c9ab6 e-grid-align-right e-grid-align-mobile-center elementor-shape-rounded elementor-grid-0 elementor-widget elementor-widget-social-icons\" data-id=\"537c9ab6\" data-element_type=\"widget\" data-e-type=\"widget\" data-widget_type=\"social-icons.default\">\n\t\t\t\t<div class=\"elementor-widget-container\">\n\t\t\t\t\t\t\t<div class=\"elementor-social-icons-wrapper elementor-grid\">\n\t\t\t\t\t\t\t<span class=\"elementor-grid-item\">\n\t\t\t\t\t<a class=\"elementor-icon elementor-social-icon elementor-social-icon-instagram elementor-repeater-item-c5354ec\" href=\"https:\/\/www.instagram.com\/flaire.candle\/\" target=\"_blank\">\n\t\t\t\t\t\t<span class=\"elementor-screen-only\">Instagram<\/span>\n\t\t\t\t\t\t<i aria-hidden=\"true\" class=\"fab fa-instagram\"><\/i>\t\t\t\t\t<\/a>\n\t\t\t\t<\/span>\n\t\t\t\t\t<\/div>\n\t\t\t\t\t\t<\/div>\n\t\t\t\t<\/div>\n\t\t\t\t\t<\/div>\n\t\t<\/div>\n\t\t\t\t\t<\/div>\n\t\t<\/section>\n\t\t\t\t\t<\/div>\n\t\t<\/div>\n\t\t\t\t<div class=\"elementor-column elementor-col-50 elementor-top-column elementor-element elementor-element-6c79d450\" data-id=\"6c79d450\" data-element_type=\"column\" data-e-type=\"column\" data-settings=\"{&quot;background_background&quot;:&quot;classic&quot;}\">\n\t\t\t<div class=\"elementor-widget-wrap elementor-element-populated\">\n\t\t\t\t\t\t<div class=\"elementor-element elementor-element-54f1bc40 elementor-widget elementor-widget-spacer\" data-id=\"54f1bc40\" data-element_type=\"widget\" data-e-type=\"widget\" data-widget_type=\"spacer.default\">\n\t\t\t\t<div class=\"elementor-widget-container\">\n\t\t\t\t\t\t\t<div class=\"elementor-spacer\">\n\t\t\t<div class=\"elementor-spacer-inner\"><\/div>\n\t\t<\/div>\n\t\t\t\t\t\t<\/div>\n\t\t\t\t<\/div>\n\t\t\t\t\t<\/div>\n\t\t<\/div>\n\t\t\t\t\t<\/div>\n\t\t<\/section>\n\t\t\t\t<section class=\"elementor-section elementor-top-section elementor-element elementor-element-2b4acae4 elementor-reverse-mobile elementor-section-boxed elementor-section-height-default elementor-section-height-default\" data-id=\"2b4acae4\" data-element_type=\"section\" data-e-type=\"section\">\n\t\t\t\t\t\t<div class=\"elementor-container elementor-column-gap-no\">\n\t\t\t\t\t<div class=\"elementor-column elementor-col-50 elementor-top-column elementor-element elementor-element-4c458341\" data-id=\"4c458341\" data-element_type=\"column\" data-e-type=\"column\">\n\t\t\t<div class=\"elementor-widget-wrap elementor-element-populated\">\n\t\t\t\t\t\t<div class=\"elementor-element elementor-element-683aa60b elementor-invisible elementor-widget elementor-widget-image\" data-id=\"683aa60b\" data-element_type=\"widget\" data-e-type=\"widget\" data-settings=\"{&quot;_animation&quot;:&quot;fadeIn&quot;}\" data-widget_type=\"image.default\">\n\t\t\t\t<div class=\"elementor-widget-container\">\n\t\t\t\t\t\t\t\t\t\t\t\t<figure class=\"wp-caption\">\n\t\t\t\t\t\t\t\t\t\t<img fetchpriority=\"high\" decoding=\"async\" width=\"720\" height=\"960\" src=\"https:\/\/amaconceptstore.fr\/wp-content\/uploads\/2023\/11\/ama-concept-store-lyon-flaire-bougie-olive-3.jpg\" class=\"attachment-full size-full wp-image-1259\" alt=\"\" srcset=\"https:\/\/amaconceptstore.fr\/wp-content\/uploads\/2023\/11\/ama-concept-store-lyon-flaire-bougie-olive-3.jpg 720w, https:\/\/amaconceptstore.fr\/wp-content\/uploads\/2023\/11\/ama-concept-store-lyon-flaire-bougie-olive-3-225x300.jpg 225w\" sizes=\"(max-width: 720px) 100vw, 720px\" \/>\t\t\t\t\t\t\t\t\t\t\t<figcaption class=\"widget-image-caption wp-caption-text\"><\/figcaption>\n\t\t\t\t\t\t\t\t\t\t<\/figure>\n\t\t\t\t\t\t\t\t\t<\/div>\n\t\t\t\t<\/div>\n\t\t\t\t\t<\/div>\n\t\t<\/div>\n\t\t\t\t<div class=\"elementor-column elementor-col-50 elementor-top-column elementor-element elementor-element-17847982\" data-id=\"17847982\" data-element_type=\"column\" data-e-type=\"column\">\n\t\t\t<div class=\"elementor-widget-wrap elementor-element-populated\">\n\t\t\t\t\t\t<div class=\"elementor-element elementor-element-6829ccfa elementor-invisible elementor-widget elementor-widget-image\" data-id=\"6829ccfa\" data-element_type=\"widget\" data-e-type=\"widget\" data-settings=\"{&quot;_animation&quot;:&quot;fadeIn&quot;}\" data-widget_type=\"image.default\">\n\t\t\t\t<div class=\"elementor-widget-container\">\n\t\t\t\t\t\t\t\t\t\t\t\t<figure class=\"wp-caption\">\n\t\t\t\t\t\t\t\t\t\t<img decoding=\"async\" width=\"720\" height=\"960\" src=\"https:\/\/amaconceptstore.fr\/wp-content\/uploads\/2023\/11\/ama-concept-store-lyon-flaire-bougie-olive-5.jpg\" class=\"attachment-full size-full wp-image-1261\" alt=\"\" srcset=\"https:\/\/amaconceptstore.fr\/wp-content\/uploads\/2023\/11\/ama-concept-store-lyon-flaire-bougie-olive-5.jpg 720w, https:\/\/amaconceptstore.fr\/wp-content\/uploads\/2023\/11\/ama-concept-store-lyon-flaire-bougie-olive-5-225x300.jpg 225w\" sizes=\"(max-width: 720px) 100vw, 720px\" \/>\t\t\t\t\t\t\t\t\t\t\t<figcaption class=\"widget-image-caption wp-caption-text\"><\/figcaption>\n\t\t\t\t\t\t\t\t\t\t<\/figure>\n\t\t\t\t\t\t\t\t\t<\/div>\n\t\t\t\t<\/div>\n\t\t\t\t<div class=\"elementor-element elementor-element-21c439d0 elementor-widget elementor-widget-heading\" data-id=\"21c439d0\" data-element_type=\"widget\" data-e-type=\"widget\" data-widget_type=\"heading.default\">\n\t\t\t\t<div class=\"elementor-widget-container\">\n\t\t\t\t\t<p class=\"elementor-heading-title elementor-size-default\">\u00c0 retrouver en boutique : <\/p>\t\t\t\t<\/div>\n\t\t\t\t<\/div>\n\t\t\t\t<div class=\"elementor-element elementor-element-4d776f8d elementor-widget elementor-widget-heading\" data-id=\"4d776f8d\" data-element_type=\"widget\" data-e-type=\"widget\" data-widget_type=\"heading.default\">\n\t\t\t\t<div class=\"elementor-widget-container\">\n\t\t\t\t\t<h2 class=\"elementor-heading-title elementor-size-default\">BOUGIE (RE)CHARGEABLE GRAND MOD\u00c8LE - 4 parfums<\/h2>\t\t\t\t<\/div>\n\t\t\t\t<\/div>\n\t\t\t\t\t<\/div>\n\t\t<\/div>\n\t\t\t\t\t<\/div>\n\t\t<\/section>\n\t\t\t\t<section class=\"elementor-section elementor-top-section elementor-element elementor-element-7cfc114e elementor-section-boxed elementor-section-height-default elementor-section-height-default\" data-id=\"7cfc114e\" data-element_type=\"section\" data-e-type=\"section\">\n\t\t\t\t\t\t<div class=\"elementor-container elementor-column-gap-no\">\n\t\t\t\t\t<div class=\"elementor-column elementor-col-33 elementor-top-column elementor-element elementor-element-69c01216\" data-id=\"69c01216\" data-element_type=\"column\" data-e-type=\"column\">\n\t\t\t<div class=\"elementor-widget-wrap elementor-element-populated\">\n\t\t\t\t\t\t<div class=\"elementor-element elementor-element-291bbab0 elementor-widget elementor-widget-heading\" data-id=\"291bbab0\" data-element_type=\"widget\" data-e-type=\"widget\" data-widget_type=\"heading.default\">\n\t\t\t\t<div class=\"elementor-widget-container\">\n\t\t\t\t\t<h2 class=\"elementor-heading-title elementor-size-default\">\u00c0 cette volont\u00e9 \u00e9coresponsable s\u2019ajoute une cr\u00e9ativit\u00e9 audacieuse<\/h2>\t\t\t\t<\/div>\n\t\t\t\t<\/div>\n\t\t\t\t<div class=\"elementor-element elementor-element-63a6f6ad elementor-drop-cap-yes justi elementor-drop-cap-view-default elementor-widget elementor-widget-text-editor\" data-id=\"63a6f6ad\" data-element_type=\"widget\" data-e-type=\"widget\" data-settings=\"{&quot;drop_cap&quot;:&quot;yes&quot;}\" data-widget_type=\"text-editor.default\">\n\t\t\t\t<div class=\"elementor-widget-container\">\n\t\t\t\t\t\t\t\t\t<p><\/p><p>Celle de bousculer les codes de la bougie traditionnelle. Le format de la Poud(re) de bougie comme son nom l\u2019indique est en poudre innovante qui renouvelle l\u2019esth\u00e9tique et l\u2019utilisation de la bougie telle qu\u2019on l\u2019a toujours connue. Ce diptyque du beau et du mieux est l\u2019essence m\u00eame de Flai(Re). La bougie de demain.<\/p><p>Au travers de ces engagements forts, il s\u2019agit de r\u00e9affirmer les valeurs et les savoirs faire de l\u2019artisanat. En mettant en lumi\u00e8re le fait main, le choix engag\u00e9 des mati\u00e8res premi\u00e8res et l\u2019authenticit\u00e9 de la d\u00e9marche de fabrication. C\u2019est au c\u0153ur de son atelier en Provence,<br \/>que sont fa\u00e7onn\u00e9es \u00e0 la main l\u2019ensemble des bougies. Geste pr\u00e9cis de Ma\u00eetre Cirier, Parfums de Grasse, Cire v\u00e9g\u00e9tale \u00e9coresponsable, symbiose entre la main de l\u2019homme et la beaut\u00e9 de la nature.<\/p><p>\u00a0<\/p><p><\/p>\t\t\t\t\t\t\t\t<\/div>\n\t\t\t\t<\/div>\n\t\t\t\t\t<\/div>\n\t\t<\/div>\n\t\t\t\t<div class=\"elementor-column elementor-col-33 elementor-top-column elementor-element elementor-element-776e496\" data-id=\"776e496\" data-element_type=\"column\" data-e-type=\"column\">\n\t\t\t<div class=\"elementor-widget-wrap\">\n\t\t\t\t\t\t\t<\/div>\n\t\t<\/div>\n\t\t\t\t<div class=\"elementor-column elementor-col-33 elementor-top-column elementor-element elementor-element-5a968d5\" data-id=\"5a968d5\" data-element_type=\"column\" data-e-type=\"column\">\n\t\t\t<div class=\"elementor-widget-wrap elementor-element-populated\">\n\t\t\t\t\t\t<div class=\"elementor-element elementor-element-574ba7de elementor-invisible elementor-widget elementor-widget-image\" data-id=\"574ba7de\" data-element_type=\"widget\" data-e-type=\"widget\" data-settings=\"{&quot;_animation&quot;:&quot;fadeIn&quot;}\" data-widget_type=\"image.default\">\n\t\t\t\t<div class=\"elementor-widget-container\">\n\t\t\t\t\t\t\t\t\t\t\t\t<figure class=\"wp-caption\">\n\t\t\t\t\t\t\t\t\t\t<img decoding=\"async\" width=\"720\" height=\"960\" src=\"https:\/\/amaconceptstore.fr\/wp-content\/uploads\/2023\/11\/ama-concept-store-lyon-flaire-bougie-olive-1.jpg\" class=\"attachment-full size-full wp-image-1257\" alt=\"\" srcset=\"https:\/\/amaconceptstore.fr\/wp-content\/uploads\/2023\/11\/ama-concept-store-lyon-flaire-bougie-olive-1.jpg 720w, https:\/\/amaconceptstore.fr\/wp-content\/uploads\/2023\/11\/ama-concept-store-lyon-flaire-bougie-olive-1-225x300.jpg 225w\" sizes=\"(max-width: 720px) 100vw, 720px\" \/>\t\t\t\t\t\t\t\t\t\t\t<figcaption class=\"widget-image-caption wp-caption-text\"><\/figcaption>\n\t\t\t\t\t\t\t\t\t\t<\/figure>\n\t\t\t\t\t\t\t\t\t<\/div>\n\t\t\t\t<\/div>\n\t\t\t\t\t<\/div>\n\t\t<\/div>\n\t\t\t\t\t<\/div>\n\t\t<\/section>\n\t\t\t\t<section class=\"elementor-section elementor-top-section elementor-element elementor-element-a8a633b elementor-section-full_width elementor-section-height-default elementor-section-height-default\" data-id=\"a8a633b\" data-element_type=\"section\" data-e-type=\"section\">\n\t\t\t\t\t\t<div class=\"elementor-container elementor-column-gap-default\">\n\t\t\t\t\t<div class=\"elementor-column elementor-col-100 elementor-top-column elementor-element elementor-element-9dce4fb\" data-id=\"9dce4fb\" data-element_type=\"column\" data-e-type=\"column\">\n\t\t\t<div class=\"elementor-widget-wrap elementor-element-populated\">\n\t\t\t\t\t\t<div class=\"elementor-element elementor-element-2c5b0b15 elementor-widget elementor-widget-heading\" data-id=\"2c5b0b15\" data-element_type=\"widget\" data-e-type=\"widget\" data-widget_type=\"heading.default\">\n\t\t\t\t<div class=\"elementor-widget-container\">\n\t\t\t\t\t<h3 class=\"elementor-heading-title elementor-size-default\">Vous aimerez aussi...<\/h3>\t\t\t\t<\/div>\n\t\t\t\t<\/div>\n\t\t\t\t<div class=\"elementor-element elementor-element-11bb1b65 elementor-widget-divider--view-line elementor-widget elementor-widget-divider\" data-id=\"11bb1b65\" data-element_type=\"widget\" data-e-type=\"widget\" data-widget_type=\"divider.default\">\n\t\t\t\t<div class=\"elementor-widget-container\">\n\t\t\t\t\t\t\t<div class=\"elementor-divider\">\n\t\t\t<span class=\"elementor-divider-separator\">\n\t\t\t\t\t\t<\/span>\n\t\t<\/div>\n\t\t\t\t\t\t<\/div>\n\t\t\t\t<\/div>\n\t\t\t\t<div class=\"elementor-element elementor-element-2e58f188 elementor-grid-3 elementor-grid-tablet-2 elementor-grid-mobile-1 elementor-widget elementor-widget-portfolio\" data-id=\"2e58f188\" data-element_type=\"widget\" data-e-type=\"widget\" data-settings=\"{&quot;item_ratio&quot;:{&quot;unit&quot;:&quot;px&quot;,&quot;size&quot;:1.2,&quot;sizes&quot;:[]},&quot;columns&quot;:&quot;3&quot;,&quot;columns_tablet&quot;:&quot;2&quot;,&quot;columns_mobile&quot;:&quot;1&quot;,&quot;item_gap&quot;:{&quot;unit&quot;:&quot;px&quot;,&quot;size&quot;:&quot;&quot;,&quot;sizes&quot;:[]},&quot;row_gap&quot;:{&quot;unit&quot;:&quot;px&quot;,&quot;size&quot;:&quot;&quot;,&quot;sizes&quot;:[]}}\" data-widget_type=\"portfolio.default\">\n\t\t\t\t<div class=\"elementor-widget-container\">\n\t\t\t\t\t\t\t<div class=\"elementor-portfolio elementor-grid elementor-posts-container\" role=\"list\">\n\t\t\t\t<article class=\"elementor-portfolio-item elementor-post  post-1256 post type-post status-publish format-standard has-post-thumbnail hentry category-decoration\" role=\"listitem\">\n\t\t\t<a class=\"elementor-post__thumbnail__link\" href=\"https:\/\/amaconceptstore.fr\/index.php\/2023\/11\/20\/flaire-lyon\/\">\n\t\t\t\t<div class=\"elementor-portfolio-item__img elementor-post__thumbnail\">\n\t\t\t<img loading=\"lazy\" decoding=\"async\" width=\"720\" height=\"958\" src=\"https:\/\/amaconceptstore.fr\/wp-content\/uploads\/2023\/11\/ama-concept-store-lyon-flaire-bougie-olive-2.jpg\" class=\"attachment-full size-full wp-image-1258\" alt=\"\" srcset=\"https:\/\/amaconceptstore.fr\/wp-content\/uploads\/2023\/11\/ama-concept-store-lyon-flaire-bougie-olive-2.jpg 720w, https:\/\/amaconceptstore.fr\/wp-content\/uploads\/2023\/11\/ama-concept-store-lyon-flaire-bougie-olive-2-225x300.jpg 225w\" sizes=\"(max-width: 720px) 100vw, 720px\" \/>\t\t<\/div>\n\t\t\t\t<div class=\"elementor-portfolio-item__overlay\">\n\t\t\t\t<h2 class=\"elementor-portfolio-item__title\">\n\t\tFlai(Re)\t\t<\/h2>\n\t\t\t\t<\/div>\n\t\t\t\t<\/a>\n\t\t<\/article>\n\t\t\t\t<article class=\"elementor-portfolio-item elementor-post  post-1243 post type-post status-publish format-standard has-post-thumbnail hentry category-decoration\" role=\"listitem\">\n\t\t\t<a class=\"elementor-post__thumbnail__link\" href=\"https:\/\/amaconceptstore.fr\/index.php\/2023\/11\/20\/maison-tchin-tchin\/\">\n\t\t\t\t<div class=\"elementor-portfolio-item__img elementor-post__thumbnail\">\n\t\t\t<img loading=\"lazy\" decoding=\"async\" width=\"1100\" height=\"1100\" src=\"https:\/\/amaconceptstore.fr\/wp-content\/uploads\/2023\/11\/BOUGIE-PARFUMEE-CHARDONNAY-1.1_1100x.webp\" class=\"attachment-full size-full wp-image-1244\" alt=\"\" srcset=\"https:\/\/amaconceptstore.fr\/wp-content\/uploads\/2023\/11\/BOUGIE-PARFUMEE-CHARDONNAY-1.1_1100x.webp 1100w, https:\/\/amaconceptstore.fr\/wp-content\/uploads\/2023\/11\/BOUGIE-PARFUMEE-CHARDONNAY-1.1_1100x-300x300.webp 300w, https:\/\/amaconceptstore.fr\/wp-content\/uploads\/2023\/11\/BOUGIE-PARFUMEE-CHARDONNAY-1.1_1100x-1024x1024.webp 1024w, https:\/\/amaconceptstore.fr\/wp-content\/uploads\/2023\/11\/BOUGIE-PARFUMEE-CHARDONNAY-1.1_1100x-150x150.webp 150w, https:\/\/amaconceptstore.fr\/wp-content\/uploads\/2023\/11\/BOUGIE-PARFUMEE-CHARDONNAY-1.1_1100x-768x768.webp 768w\" sizes=\"(max-width: 1100px) 100vw, 1100px\" \/>\t\t<\/div>\n\t\t\t\t<div class=\"elementor-portfolio-item__overlay\">\n\t\t\t\t<h2 class=\"elementor-portfolio-item__title\">\n\t\tMaison Tchin Tchin\t\t<\/h2>\n\t\t\t\t<\/div>\n\t\t\t\t<\/a>\n\t\t<\/article>\n\t\t\t\t<article class=\"elementor-portfolio-item elementor-post  post-1209 post type-post status-publish format-standard has-post-thumbnail hentry category-lingerie\" role=\"listitem\">\n\t\t\t<a class=\"elementor-post__thumbnail__link\" href=\"https:\/\/amaconceptstore.fr\/index.php\/2023\/11\/20\/chichi-castelnango\/\">\n\t\t\t\t<div class=\"elementor-portfolio-item__img elementor-post__thumbnail\">\n\t\t\t<img loading=\"lazy\" decoding=\"async\" width=\"1000\" height=\"1500\" src=\"https:\/\/amaconceptstore.fr\/wp-content\/uploads\/2023\/11\/Chichi-Castelnango-lyon-ama-concept-store-9.jpg\" class=\"attachment-full size-full wp-image-1214\" alt=\"\" srcset=\"https:\/\/amaconceptstore.fr\/wp-content\/uploads\/2023\/11\/Chichi-Castelnango-lyon-ama-concept-store-9.jpg 1000w, https:\/\/amaconceptstore.fr\/wp-content\/uploads\/2023\/11\/Chichi-Castelnango-lyon-ama-concept-store-9-200x300.jpg 200w, https:\/\/amaconceptstore.fr\/wp-content\/uploads\/2023\/11\/Chichi-Castelnango-lyon-ama-concept-store-9-683x1024.jpg 683w, https:\/\/amaconceptstore.fr\/wp-content\/uploads\/2023\/11\/Chichi-Castelnango-lyon-ama-concept-store-9-768x1152.jpg 768w\" sizes=\"(max-width: 1000px) 100vw, 1000px\" \/>\t\t<\/div>\n\t\t\t\t<div class=\"elementor-portfolio-item__overlay\">\n\t\t\t\t<h2 class=\"elementor-portfolio-item__title\">\n\t\tChichi Castelnango\t\t<\/h2>\n\t\t\t\t<\/div>\n\t\t\t\t<\/a>\n\t\t<\/article>\n\t\t\t\t<\/div>\n\t\t\t\t\t\t<\/div>\n\t\t\t\t<\/div>\n\t\t\t\t\t<\/div>\n\t\t<\/div>\n\t\t\t\t\t<\/div>\n\t\t<\/section>\n\t\t\t\t<\/div>\n\t\t","protected":false},"excerpt":{"rendered":"<p>Marque fran\u00e7aise de bougies Flai(re) Enthousiasme olfactif Marque in\u00e9dite de senteurs fabriqu\u00e9e en Provence par Marine, sa cr\u00e9atrice. Son ingr\u00e9dient principal c\u2019est la Cire d\u2019Olive issue de la revalorisation des d\u00e9chets, ses bougies vous feront vivre une histoire olfactive respectueuse de la nature et des hommes. La naturalit\u00e9 est au c\u0153ur de ses pr\u00e9occupations avec [&hellip;]<\/p>\n","protected":false},"author":1,"featured_media":1258,"comment_status":"open","ping_status":"open","sticky":false,"template":"elementor_header_footer","format":"standard","meta":{"_monsterinsights_skip_tracking":false,"_monsterinsights_sitenote_active":false,"_monsterinsights_sitenote_note":"","_monsterinsights_sitenote_category":0,"footnotes":""},"categories":[48],"tags":[],"class_list":["post-1256","post","type-post","status-publish","format-standard","has-post-thumbnail","hentry","category-decoration"],"yoast_head":"<!-- This site is optimized with the Yoast SEO plugin v27.5 - https:\/\/yoast.com\/product\/yoast-seo-wordpress\/ -->\n<title>Flai(Re) - AMA Concept Store<\/title>\n<meta name=\"description\" content=\"Retrouvez Flaire \u00e0 Lyon, la marque in\u00e9dite de senteurs fabriqu\u00e9e en Provence et son ingr\u00e9dient principal la Cire d\u2019Olive.\" \/>\n<meta name=\"robots\" content=\"index, follow, max-snippet:-1, max-image-preview:large, max-video-preview:-1\" \/>\n<link rel=\"canonical\" href=\"https:\/\/amaconceptstore.fr\/index.php\/2023\/11\/20\/flaire-lyon\/\" \/>\n<meta property=\"og:locale\" content=\"fr_FR\" \/>\n<meta property=\"og:type\" content=\"article\" \/>\n<meta property=\"og:title\" content=\"Flai(Re) - AMA Concept Store\" \/>\n<meta property=\"og:description\" content=\"Retrouvez Flaire \u00e0 Lyon, la marque in\u00e9dite de senteurs fabriqu\u00e9e en Provence et son ingr\u00e9dient principal la Cire d\u2019Olive.\" \/>\n<meta property=\"og:url\" content=\"https:\/\/amaconceptstore.fr\/index.php\/2023\/11\/20\/flaire-lyon\/\" \/>\n<meta property=\"og:site_name\" content=\"AMA Concept Store\" \/>\n<meta property=\"article:published_time\" content=\"2023-11-20T10:03:04+00:00\" \/>\n<meta property=\"article:modified_time\" content=\"2023-11-20T10:03:13+00:00\" \/>\n<meta property=\"og:image\" content=\"https:\/\/amaconceptstore.fr\/wp-content\/uploads\/2023\/11\/ama-concept-store-lyon-flaire-bougie-olive-2.jpg\" \/>\n\t<meta property=\"og:image:width\" content=\"720\" \/>\n\t<meta property=\"og:image:height\" content=\"958\" \/>\n\t<meta property=\"og:image:type\" content=\"image\/jpeg\" \/>\n<meta name=\"author\" content=\"Guillaume\" \/>\n<meta name=\"twitter:card\" content=\"summary_large_image\" \/>\n<meta name=\"twitter:label1\" content=\"\u00c9crit par\" \/>\n\t<meta name=\"twitter:data1\" content=\"Guillaume\" \/>\n\t<meta name=\"twitter:label2\" content=\"Dur\u00e9e de lecture estim\u00e9e\" \/>\n\t<meta name=\"twitter:data2\" content=\"3 minutes\" \/>\n<script type=\"application\/ld+json\" class=\"yoast-schema-graph\">{\"@context\":\"https:\\\/\\\/schema.org\",\"@graph\":[{\"@type\":\"Article\",\"@id\":\"https:\\\/\\\/amaconceptstore.fr\\\/index.php\\\/2023\\\/11\\\/20\\\/flaire-lyon\\\/#article\",\"isPartOf\":{\"@id\":\"https:\\\/\\\/amaconceptstore.fr\\\/index.php\\\/2023\\\/11\\\/20\\\/flaire-lyon\\\/\"},\"author\":{\"name\":\"Guillaume\",\"@id\":\"https:\\\/\\\/amaconceptstore.fr\\\/#\\\/schema\\\/person\\\/c3f40060a6e2e16d374be8e80b3e6e55\"},\"headline\":\"Flai(Re)\",\"datePublished\":\"2023-11-20T10:03:04+00:00\",\"dateModified\":\"2023-11-20T10:03:13+00:00\",\"mainEntityOfPage\":{\"@id\":\"https:\\\/\\\/amaconceptstore.fr\\\/index.php\\\/2023\\\/11\\\/20\\\/flaire-lyon\\\/\"},\"wordCount\":291,\"commentCount\":0,\"publisher\":{\"@id\":\"https:\\\/\\\/amaconceptstore.fr\\\/#organization\"},\"image\":{\"@id\":\"https:\\\/\\\/amaconceptstore.fr\\\/index.php\\\/2023\\\/11\\\/20\\\/flaire-lyon\\\/#primaryimage\"},\"thumbnailUrl\":\"https:\\\/\\\/amaconceptstore.fr\\\/wp-content\\\/uploads\\\/2023\\\/11\\\/ama-concept-store-lyon-flaire-bougie-olive-2.jpg\",\"articleSection\":[\"D\u00e9coration\"],\"inLanguage\":\"fr-FR\",\"potentialAction\":[{\"@type\":\"CommentAction\",\"name\":\"Comment\",\"target\":[\"https:\\\/\\\/amaconceptstore.fr\\\/index.php\\\/2023\\\/11\\\/20\\\/flaire-lyon\\\/#respond\"]}]},{\"@type\":\"WebPage\",\"@id\":\"https:\\\/\\\/amaconceptstore.fr\\\/index.php\\\/2023\\\/11\\\/20\\\/flaire-lyon\\\/\",\"url\":\"https:\\\/\\\/amaconceptstore.fr\\\/index.php\\\/2023\\\/11\\\/20\\\/flaire-lyon\\\/\",\"name\":\"Flai(Re) - AMA Concept Store\",\"isPartOf\":{\"@id\":\"https:\\\/\\\/amaconceptstore.fr\\\/#website\"},\"primaryImageOfPage\":{\"@id\":\"https:\\\/\\\/amaconceptstore.fr\\\/index.php\\\/2023\\\/11\\\/20\\\/flaire-lyon\\\/#primaryimage\"},\"image\":{\"@id\":\"https:\\\/\\\/amaconceptstore.fr\\\/index.php\\\/2023\\\/11\\\/20\\\/flaire-lyon\\\/#primaryimage\"},\"thumbnailUrl\":\"https:\\\/\\\/amaconceptstore.fr\\\/wp-content\\\/uploads\\\/2023\\\/11\\\/ama-concept-store-lyon-flaire-bougie-olive-2.jpg\",\"datePublished\":\"2023-11-20T10:03:04+00:00\",\"dateModified\":\"2023-11-20T10:03:13+00:00\",\"description\":\"Retrouvez Flaire \u00e0 Lyon, la marque in\u00e9dite de senteurs fabriqu\u00e9e en Provence et son ingr\u00e9dient principal la Cire d\u2019Olive.\",\"breadcrumb\":{\"@id\":\"https:\\\/\\\/amaconceptstore.fr\\\/index.php\\\/2023\\\/11\\\/20\\\/flaire-lyon\\\/#breadcrumb\"},\"inLanguage\":\"fr-FR\",\"potentialAction\":[{\"@type\":\"ReadAction\",\"target\":[\"https:\\\/\\\/amaconceptstore.fr\\\/index.php\\\/2023\\\/11\\\/20\\\/flaire-lyon\\\/\"]}]},{\"@type\":\"ImageObject\",\"inLanguage\":\"fr-FR\",\"@id\":\"https:\\\/\\\/amaconceptstore.fr\\\/index.php\\\/2023\\\/11\\\/20\\\/flaire-lyon\\\/#primaryimage\",\"url\":\"https:\\\/\\\/amaconceptstore.fr\\\/wp-content\\\/uploads\\\/2023\\\/11\\\/ama-concept-store-lyon-flaire-bougie-olive-2.jpg\",\"contentUrl\":\"https:\\\/\\\/amaconceptstore.fr\\\/wp-content\\\/uploads\\\/2023\\\/11\\\/ama-concept-store-lyon-flaire-bougie-olive-2.jpg\",\"width\":720,\"height\":958},{\"@type\":\"BreadcrumbList\",\"@id\":\"https:\\\/\\\/amaconceptstore.fr\\\/index.php\\\/2023\\\/11\\\/20\\\/flaire-lyon\\\/#breadcrumb\",\"itemListElement\":[{\"@type\":\"ListItem\",\"position\":1,\"name\":\"Accueil\",\"item\":\"https:\\\/\\\/amaconceptstore.fr\\\/\"},{\"@type\":\"ListItem\",\"position\":2,\"name\":\"Flai(Re)\"}]},{\"@type\":\"WebSite\",\"@id\":\"https:\\\/\\\/amaconceptstore.fr\\\/#website\",\"url\":\"https:\\\/\\\/amaconceptstore.fr\\\/\",\"name\":\"AMA Concept Store\",\"description\":\"Boutique de pr\u00eat \u00e0 porter : Accessoires, Lingerie, Bijoux\",\"publisher\":{\"@id\":\"https:\\\/\\\/amaconceptstore.fr\\\/#organization\"},\"potentialAction\":[{\"@type\":\"SearchAction\",\"target\":{\"@type\":\"EntryPoint\",\"urlTemplate\":\"https:\\\/\\\/amaconceptstore.fr\\\/?s={search_term_string}\"},\"query-input\":{\"@type\":\"PropertyValueSpecification\",\"valueRequired\":true,\"valueName\":\"search_term_string\"}}],\"inLanguage\":\"fr-FR\"},{\"@type\":\"Organization\",\"@id\":\"https:\\\/\\\/amaconceptstore.fr\\\/#organization\",\"name\":\"AMA Concept Store\",\"url\":\"https:\\\/\\\/amaconceptstore.fr\\\/\",\"logo\":{\"@type\":\"ImageObject\",\"inLanguage\":\"fr-FR\",\"@id\":\"https:\\\/\\\/amaconceptstore.fr\\\/#\\\/schema\\\/logo\\\/image\\\/\",\"url\":\"https:\\\/\\\/amaconceptstore.fr\\\/wp-content\\\/uploads\\\/2022\\\/11\\\/AMA-Concept-Store-Logo.png\",\"contentUrl\":\"https:\\\/\\\/amaconceptstore.fr\\\/wp-content\\\/uploads\\\/2022\\\/11\\\/AMA-Concept-Store-Logo.png\",\"width\":860,\"height\":337,\"caption\":\"AMA Concept Store\"},\"image\":{\"@id\":\"https:\\\/\\\/amaconceptstore.fr\\\/#\\\/schema\\\/logo\\\/image\\\/\"},\"sameAs\":[\"https:\\\/\\\/www.instagram.com\\\/amaconceptstore\\\/\"]},{\"@type\":\"Person\",\"@id\":\"https:\\\/\\\/amaconceptstore.fr\\\/#\\\/schema\\\/person\\\/c3f40060a6e2e16d374be8e80b3e6e55\",\"name\":\"Guillaume\",\"image\":{\"@type\":\"ImageObject\",\"inLanguage\":\"fr-FR\",\"@id\":\"https:\\\/\\\/secure.gravatar.com\\\/avatar\\\/e04cafaaf1157ad0b7fbd48e3846aa427b81e61ea827e1621776382505e4b723?s=96&d=mm&r=g\",\"url\":\"https:\\\/\\\/secure.gravatar.com\\\/avatar\\\/e04cafaaf1157ad0b7fbd48e3846aa427b81e61ea827e1621776382505e4b723?s=96&d=mm&r=g\",\"contentUrl\":\"https:\\\/\\\/secure.gravatar.com\\\/avatar\\\/e04cafaaf1157ad0b7fbd48e3846aa427b81e61ea827e1621776382505e4b723?s=96&d=mm&r=g\",\"caption\":\"Guillaume\"},\"sameAs\":[\"https:\\\/\\\/amaconceptstore.fr\"],\"url\":\"https:\\\/\\\/amaconceptstore.fr\\\/index.php\\\/author\\\/guillaume\\\/\"}]}<\/script>\n<!-- \/ Yoast SEO plugin. -->","yoast_head_json":{"title":"Flai(Re) - AMA Concept Store","description":"Retrouvez Flaire \u00e0 Lyon, la marque in\u00e9dite de senteurs fabriqu\u00e9e en Provence et son ingr\u00e9dient principal la Cire d\u2019Olive.","robots":{"index":"index","follow":"follow","max-snippet":"max-snippet:-1","max-image-preview":"max-image-preview:large","max-video-preview":"max-video-preview:-1"},"canonical":"https:\/\/amaconceptstore.fr\/index.php\/2023\/11\/20\/flaire-lyon\/","og_locale":"fr_FR","og_type":"article","og_title":"Flai(Re) - AMA Concept Store","og_description":"Retrouvez Flaire \u00e0 Lyon, la marque in\u00e9dite de senteurs fabriqu\u00e9e en Provence et son ingr\u00e9dient principal la Cire d\u2019Olive.","og_url":"https:\/\/amaconceptstore.fr\/index.php\/2023\/11\/20\/flaire-lyon\/","og_site_name":"AMA Concept Store","article_published_time":"2023-11-20T10:03:04+00:00","article_modified_time":"2023-11-20T10:03:13+00:00","og_image":[{"width":720,"height":958,"url":"https:\/\/amaconceptstore.fr\/wp-content\/uploads\/2023\/11\/ama-concept-store-lyon-flaire-bougie-olive-2.jpg","type":"image\/jpeg"}],"author":"Guillaume","twitter_card":"summary_large_image","twitter_misc":{"\u00c9crit par":"Guillaume","Dur\u00e9e de lecture estim\u00e9e":"3 minutes"},"schema":{"@context":"https:\/\/schema.org","@graph":[{"@type":"Article","@id":"https:\/\/amaconceptstore.fr\/index.php\/2023\/11\/20\/flaire-lyon\/#article","isPartOf":{"@id":"https:\/\/amaconceptstore.fr\/index.php\/2023\/11\/20\/flaire-lyon\/"},"author":{"name":"Guillaume","@id":"https:\/\/amaconceptstore.fr\/#\/schema\/person\/c3f40060a6e2e16d374be8e80b3e6e55"},"headline":"Flai(Re)","datePublished":"2023-11-20T10:03:04+00:00","dateModified":"2023-11-20T10:03:13+00:00","mainEntityOfPage":{"@id":"https:\/\/amaconceptstore.fr\/index.php\/2023\/11\/20\/flaire-lyon\/"},"wordCount":291,"commentCount":0,"publisher":{"@id":"https:\/\/amaconceptstore.fr\/#organization"},"image":{"@id":"https:\/\/amaconceptstore.fr\/index.php\/2023\/11\/20\/flaire-lyon\/#primaryimage"},"thumbnailUrl":"https:\/\/amaconceptstore.fr\/wp-content\/uploads\/2023\/11\/ama-concept-store-lyon-flaire-bougie-olive-2.jpg","articleSection":["D\u00e9coration"],"inLanguage":"fr-FR","potentialAction":[{"@type":"CommentAction","name":"Comment","target":["https:\/\/amaconceptstore.fr\/index.php\/2023\/11\/20\/flaire-lyon\/#respond"]}]},{"@type":"WebPage","@id":"https:\/\/amaconceptstore.fr\/index.php\/2023\/11\/20\/flaire-lyon\/","url":"https:\/\/amaconceptstore.fr\/index.php\/2023\/11\/20\/flaire-lyon\/","name":"Flai(Re) - AMA Concept Store","isPartOf":{"@id":"https:\/\/amaconceptstore.fr\/#website"},"primaryImageOfPage":{"@id":"https:\/\/amaconceptstore.fr\/index.php\/2023\/11\/20\/flaire-lyon\/#primaryimage"},"image":{"@id":"https:\/\/amaconceptstore.fr\/index.php\/2023\/11\/20\/flaire-lyon\/#primaryimage"},"thumbnailUrl":"https:\/\/amaconceptstore.fr\/wp-content\/uploads\/2023\/11\/ama-concept-store-lyon-flaire-bougie-olive-2.jpg","datePublished":"2023-11-20T10:03:04+00:00","dateModified":"2023-11-20T10:03:13+00:00","description":"Retrouvez Flaire \u00e0 Lyon, la marque in\u00e9dite de senteurs fabriqu\u00e9e en Provence et son ingr\u00e9dient principal la Cire d\u2019Olive.","breadcrumb":{"@id":"https:\/\/amaconceptstore.fr\/index.php\/2023\/11\/20\/flaire-lyon\/#breadcrumb"},"inLanguage":"fr-FR","potentialAction":[{"@type":"ReadAction","target":["https:\/\/amaconceptstore.fr\/index.php\/2023\/11\/20\/flaire-lyon\/"]}]},{"@type":"ImageObject","inLanguage":"fr-FR","@id":"https:\/\/amaconceptstore.fr\/index.php\/2023\/11\/20\/flaire-lyon\/#primaryimage","url":"https:\/\/amaconceptstore.fr\/wp-content\/uploads\/2023\/11\/ama-concept-store-lyon-flaire-bougie-olive-2.jpg","contentUrl":"https:\/\/amaconceptstore.fr\/wp-content\/uploads\/2023\/11\/ama-concept-store-lyon-flaire-bougie-olive-2.jpg","width":720,"height":958},{"@type":"BreadcrumbList","@id":"https:\/\/amaconceptstore.fr\/index.php\/2023\/11\/20\/flaire-lyon\/#breadcrumb","itemListElement":[{"@type":"ListItem","position":1,"name":"Accueil","item":"https:\/\/amaconceptstore.fr\/"},{"@type":"ListItem","position":2,"name":"Flai(Re)"}]},{"@type":"WebSite","@id":"https:\/\/amaconceptstore.fr\/#website","url":"https:\/\/amaconceptstore.fr\/","name":"AMA Concept Store","description":"Boutique de pr\u00eat \u00e0 porter : Accessoires, Lingerie, Bijoux","publisher":{"@id":"https:\/\/amaconceptstore.fr\/#organization"},"potentialAction":[{"@type":"SearchAction","target":{"@type":"EntryPoint","urlTemplate":"https:\/\/amaconceptstore.fr\/?s={search_term_string}"},"query-input":{"@type":"PropertyValueSpecification","valueRequired":true,"valueName":"search_term_string"}}],"inLanguage":"fr-FR"},{"@type":"Organization","@id":"https:\/\/amaconceptstore.fr\/#organization","name":"AMA Concept Store","url":"https:\/\/amaconceptstore.fr\/","logo":{"@type":"ImageObject","inLanguage":"fr-FR","@id":"https:\/\/amaconceptstore.fr\/#\/schema\/logo\/image\/","url":"https:\/\/amaconceptstore.fr\/wp-content\/uploads\/2022\/11\/AMA-Concept-Store-Logo.png","contentUrl":"https:\/\/amaconceptstore.fr\/wp-content\/uploads\/2022\/11\/AMA-Concept-Store-Logo.png","width":860,"height":337,"caption":"AMA Concept Store"},"image":{"@id":"https:\/\/amaconceptstore.fr\/#\/schema\/logo\/image\/"},"sameAs":["https:\/\/www.instagram.com\/amaconceptstore\/"]},{"@type":"Person","@id":"https:\/\/amaconceptstore.fr\/#\/schema\/person\/c3f40060a6e2e16d374be8e80b3e6e55","name":"Guillaume","image":{"@type":"ImageObject","inLanguage":"fr-FR","@id":"https:\/\/secure.gravatar.com\/avatar\/e04cafaaf1157ad0b7fbd48e3846aa427b81e61ea827e1621776382505e4b723?s=96&d=mm&r=g","url":"https:\/\/secure.gravatar.com\/avatar\/e04cafaaf1157ad0b7fbd48e3846aa427b81e61ea827e1621776382505e4b723?s=96&d=mm&r=g","contentUrl":"https:\/\/secure.gravatar.com\/avatar\/e04cafaaf1157ad0b7fbd48e3846aa427b81e61ea827e1621776382505e4b723?s=96&d=mm&r=g","caption":"Guillaume"},"sameAs":["https:\/\/amaconceptstore.fr"],"url":"https:\/\/amaconceptstore.fr\/index.php\/author\/guillaume\/"}]}},"_links":{"self":[{"href":"https:\/\/amaconceptstore.fr\/index.php\/wp-json\/wp\/v2\/posts\/1256","targetHints":{"allow":["GET"]}}],"collection":[{"href":"https:\/\/amaconceptstore.fr\/index.php\/wp-json\/wp\/v2\/posts"}],"about":[{"href":"https:\/\/amaconceptstore.fr\/index.php\/wp-json\/wp\/v2\/types\/post"}],"author":[{"embeddable":true,"href":"https:\/\/amaconceptstore.fr\/index.php\/wp-json\/wp\/v2\/users\/1"}],"replies":[{"embeddable":true,"href":"https:\/\/amaconceptstore.fr\/index.php\/wp-json\/wp\/v2\/comments?post=1256"}],"version-history":[{"count":5,"href":"https:\/\/amaconceptstore.fr\/index.php\/wp-json\/wp\/v2\/posts\/1256\/revisions"}],"predecessor-version":[{"id":1302,"href":"https:\/\/amaconceptstore.fr\/index.php\/wp-json\/wp\/v2\/posts\/1256\/revisions\/1302"}],"wp:featuredmedia":[{"embeddable":true,"href":"https:\/\/amaconceptstore.fr\/index.php\/wp-json\/wp\/v2\/media\/1258"}],"wp:attachment":[{"href":"https:\/\/amaconceptstore.fr\/index.php\/wp-json\/wp\/v2\/media?parent=1256"}],"wp:term":[{"taxonomy":"category","embeddable":true,"href":"https:\/\/amaconceptstore.fr\/index.php\/wp-json\/wp\/v2\/categories?post=1256"},{"taxonomy":"post_tag","embeddable":true,"href":"https:\/\/amaconceptstore.fr\/index.php\/wp-json\/wp\/v2\/tags?post=1256"}],"curies":[{"name":"wp","href":"https:\/\/api.w.org\/{rel}","templated":true}]}}