{"id":1178,"date":"2023-11-13T13:16:14","date_gmt":"2023-11-13T13:16:14","guid":{"rendered":"https:\/\/amaconceptstore.fr\/?p=1178"},"modified":"2023-11-21T14:38:25","modified_gmt":"2023-11-21T14:38:25","slug":"sacrecoeur","status":"publish","type":"post","link":"https:\/\/amaconceptstore.fr\/index.php\/2023\/11\/13\/sacrecoeur\/","title":{"rendered":"Sacr\u00e9coeur"},"content":{"rendered":"\t\t<div data-elementor-type=\"wp-post\" data-elementor-id=\"1178\" class=\"elementor elementor-1178\" data-elementor-post-type=\"post\">\n\t\t\t\t\t\t<section class=\"elementor-section elementor-top-section elementor-element elementor-element-59c22a3d elementor-section-height-min-height elementor-section-items-stretch elementor-section-full_width elementor-section-height-default\" data-id=\"59c22a3d\" data-element_type=\"section\" data-e-type=\"section\">\n\t\t\t\t\t\t<div class=\"elementor-container elementor-column-gap-no\">\n\t\t\t\t\t<div class=\"elementor-column elementor-col-50 elementor-top-column elementor-element elementor-element-40ebacbf\" data-id=\"40ebacbf\" data-element_type=\"column\" data-e-type=\"column\">\n\t\t\t<div class=\"elementor-widget-wrap elementor-element-populated\">\n\t\t\t\t\t\t<div class=\"elementor-element elementor-element-11a388ae elementor-widget elementor-widget-heading\" data-id=\"11a388ae\" data-element_type=\"widget\" data-e-type=\"widget\" data-widget_type=\"heading.default\">\n\t\t\t\t<div class=\"elementor-widget-container\">\n\t\t\t\t\t<h3 class=\"elementor-heading-title elementor-size-default\">Pr\u00eat \u00e0 porter, marque fran\u00e7aise ind\u00e9pendante et designer en France<\/h3>\t\t\t\t<\/div>\n\t\t\t\t<\/div>\n\t\t\t\t<div class=\"elementor-element elementor-element-6c1f7184 elementor-widget-divider--view-line elementor-widget elementor-widget-divider\" data-id=\"6c1f7184\" data-element_type=\"widget\" data-e-type=\"widget\" data-widget_type=\"divider.default\">\n\t\t\t\t<div class=\"elementor-widget-container\">\n\t\t\t\t\t\t\t<div class=\"elementor-divider\">\n\t\t\t<span class=\"elementor-divider-separator\">\n\t\t\t\t\t\t<\/span>\n\t\t<\/div>\n\t\t\t\t\t\t<\/div>\n\t\t\t\t<\/div>\n\t\t\t\t<section class=\"elementor-section elementor-inner-section elementor-element elementor-element-582ad313 elementor-section-full_width elementor-section-height-min-height elementor-section-content-middle elementor-section-height-default\" data-id=\"582ad313\" data-element_type=\"section\" data-e-type=\"section\">\n\t\t\t\t\t\t<div class=\"elementor-container elementor-column-gap-no\">\n\t\t\t\t\t<div class=\"elementor-column elementor-col-100 elementor-inner-column elementor-element elementor-element-43bcaeb6\" data-id=\"43bcaeb6\" data-element_type=\"column\" data-e-type=\"column\">\n\t\t\t<div class=\"elementor-widget-wrap elementor-element-populated\">\n\t\t\t\t\t\t<div class=\"elementor-element elementor-element-38be54aa elementor-invisible elementor-widget elementor-widget-heading\" data-id=\"38be54aa\" data-element_type=\"widget\" data-e-type=\"widget\" data-settings=\"{&quot;_animation&quot;:&quot;fadeIn&quot;}\" data-widget_type=\"heading.default\">\n\t\t\t\t<div class=\"elementor-widget-container\">\n\t\t\t\t\t<h1 class=\"elementor-heading-title elementor-size-default\">Sacr\u00e9coeur, chemises f\u00e9minines lyonnaises<\/h1>\t\t\t\t<\/div>\n\t\t\t\t<\/div>\n\t\t\t\t<div class=\"elementor-element elementor-element-93c8cc1 elementor-drop-cap-yes justi elementor-drop-cap-view-default elementor-widget elementor-widget-text-editor\" data-id=\"93c8cc1\" data-element_type=\"widget\" data-e-type=\"widget\" data-settings=\"{&quot;drop_cap&quot;:&quot;yes&quot;}\" data-widget_type=\"text-editor.default\">\n\t\t\t\t<div class=\"elementor-widget-container\">\n\t\t\t\t\t\t\t\t\t<p><\/p><p>Sacr\u00e9coeur, fond\u00e9e par Julien Doligez en 2016, incarne l&rsquo;\u00e9l\u00e9gance contemporaine \u00e0 travers sa sp\u00e9cialisation dans les chemises pour femmes. Inspir\u00e9e du riche patrimoine textile du bassin lyonnais, la marque redonne vie aux armures nobles, valorisant chaque v\u00eatement. La chemise, choisie comme monoproduit, symbolise la libert\u00e9 d&rsquo;interpr\u00e9tation, allant de la f\u00e9minit\u00e9 \u00e0 la d\u00e9contraction.<\/p><p>Disponibles en coupes slim ou oversize, les chemises Sacr\u00e9coeur, pens\u00e9es pour toutes les morphologies, sont con\u00e7ues pour accompagner la femme du matin au soir, apportant la confiance n\u00e9cessaire. L&rsquo;esth\u00e9tique intemporelle de Sacr\u00e9coeur se traduit par des coupes \u00e9pur\u00e9es et raffin\u00e9es, faisant de la chemise le pivot de cette aventure mode exceptionnelle.<\/p><p>Venez retrouver les mod\u00e8les qui vous ont fait de l\u2019\u0153il dans notre boutique \u00e0 Lyon. <\/p><p><\/p>\t\t\t\t\t\t\t\t<\/div>\n\t\t\t\t<\/div>\n\t\t\t\t\t<\/div>\n\t\t<\/div>\n\t\t\t\t\t<\/div>\n\t\t<\/section>\n\t\t\t\t<section class=\"elementor-section elementor-inner-section elementor-element elementor-element-5e51a7fe elementor-section-full_width elementor-section-height-min-height elementor-section-content-middle elementor-section-height-default\" data-id=\"5e51a7fe\" data-element_type=\"section\" data-e-type=\"section\">\n\t\t\t\t\t\t<div class=\"elementor-container elementor-column-gap-no\">\n\t\t\t\t\t<div class=\"elementor-column elementor-col-50 elementor-inner-column elementor-element elementor-element-3f26f6b0\" data-id=\"3f26f6b0\" data-element_type=\"column\" data-e-type=\"column\">\n\t\t\t<div class=\"elementor-widget-wrap elementor-element-populated\">\n\t\t\t\t\t\t<div class=\"elementor-element elementor-element-20d75195 elementor-widget elementor-widget-heading\" data-id=\"20d75195\" data-element_type=\"widget\" data-e-type=\"widget\" data-widget_type=\"heading.default\">\n\t\t\t\t<div class=\"elementor-widget-container\">\n\t\t\t\t\t<p class=\"elementor-heading-title elementor-size-default\">\u00a9 Photos tous droits r\u00e9serv\u00e9s \u00e0  Sacr\u00e9coeur<\/p>\t\t\t\t<\/div>\n\t\t\t\t<\/div>\n\t\t\t\t\t<\/div>\n\t\t<\/div>\n\t\t\t\t<div class=\"elementor-column elementor-col-50 elementor-inner-column elementor-element elementor-element-13f78ec9\" data-id=\"13f78ec9\" data-element_type=\"column\" data-e-type=\"column\">\n\t\t\t<div class=\"elementor-widget-wrap elementor-element-populated\">\n\t\t\t\t\t\t<div class=\"elementor-element elementor-element-4616b885 e-grid-align-right e-grid-align-mobile-center elementor-shape-rounded elementor-grid-0 elementor-widget elementor-widget-social-icons\" data-id=\"4616b885\" data-element_type=\"widget\" data-e-type=\"widget\" data-widget_type=\"social-icons.default\">\n\t\t\t\t<div class=\"elementor-widget-container\">\n\t\t\t\t\t\t\t<div class=\"elementor-social-icons-wrapper elementor-grid\">\n\t\t\t\t\t\t\t<span class=\"elementor-grid-item\">\n\t\t\t\t\t<a class=\"elementor-icon elementor-social-icon elementor-social-icon-instagram elementor-repeater-item-c5354ec\" href=\"https:\/\/www.instagram.com\/sacrecoeur_collection\/\" target=\"_blank\">\n\t\t\t\t\t\t<span class=\"elementor-screen-only\">Instagram<\/span>\n\t\t\t\t\t\t<i aria-hidden=\"true\" class=\"fab fa-instagram\"><\/i>\t\t\t\t\t<\/a>\n\t\t\t\t<\/span>\n\t\t\t\t\t<\/div>\n\t\t\t\t\t\t<\/div>\n\t\t\t\t<\/div>\n\t\t\t\t\t<\/div>\n\t\t<\/div>\n\t\t\t\t\t<\/div>\n\t\t<\/section>\n\t\t\t\t\t<\/div>\n\t\t<\/div>\n\t\t\t\t<div class=\"elementor-column elementor-col-50 elementor-top-column elementor-element elementor-element-73a8f1d6\" data-id=\"73a8f1d6\" data-element_type=\"column\" data-e-type=\"column\" data-settings=\"{&quot;background_background&quot;:&quot;classic&quot;}\">\n\t\t\t<div class=\"elementor-widget-wrap elementor-element-populated\">\n\t\t\t\t\t\t<div class=\"elementor-element elementor-element-b6b5fa7 elementor-widget elementor-widget-spacer\" data-id=\"b6b5fa7\" data-element_type=\"widget\" data-e-type=\"widget\" data-widget_type=\"spacer.default\">\n\t\t\t\t<div class=\"elementor-widget-container\">\n\t\t\t\t\t\t\t<div class=\"elementor-spacer\">\n\t\t\t<div class=\"elementor-spacer-inner\"><\/div>\n\t\t<\/div>\n\t\t\t\t\t\t<\/div>\n\t\t\t\t<\/div>\n\t\t\t\t\t<\/div>\n\t\t<\/div>\n\t\t\t\t\t<\/div>\n\t\t<\/section>\n\t\t\t\t<section class=\"elementor-section elementor-top-section elementor-element elementor-element-14b91529 elementor-reverse-mobile elementor-section-boxed elementor-section-height-default elementor-section-height-default\" data-id=\"14b91529\" data-element_type=\"section\" data-e-type=\"section\">\n\t\t\t\t\t\t<div class=\"elementor-container elementor-column-gap-no\">\n\t\t\t\t\t<div class=\"elementor-column elementor-col-50 elementor-top-column elementor-element elementor-element-3557f8d3\" data-id=\"3557f8d3\" data-element_type=\"column\" data-e-type=\"column\">\n\t\t\t<div class=\"elementor-widget-wrap elementor-element-populated\">\n\t\t\t\t\t\t<div class=\"elementor-element elementor-element-61ae908d elementor-invisible elementor-widget elementor-widget-image\" data-id=\"61ae908d\" data-element_type=\"widget\" data-e-type=\"widget\" data-settings=\"{&quot;_animation&quot;:&quot;fadeIn&quot;}\" data-widget_type=\"image.default\">\n\t\t\t\t<div class=\"elementor-widget-container\">\n\t\t\t\t\t\t\t\t\t\t\t\t<figure class=\"wp-caption\">\n\t\t\t\t\t\t\t\t\t\t<img fetchpriority=\"high\" decoding=\"async\" width=\"768\" height=\"1150\" src=\"https:\/\/amaconceptstore.fr\/wp-content\/uploads\/2023\/11\/sacrecoeur-lyon-ama-cpncept-store-DARIA-PACHA3.jpg\" class=\"attachment-full size-full wp-image-1183\" alt=\"Veste courte ronde, gans\u00e9e et non doubl\u00e9e. En jacquard fantaisie. Tiss\u00e9 en Italie.\" srcset=\"https:\/\/amaconceptstore.fr\/wp-content\/uploads\/2023\/11\/sacrecoeur-lyon-ama-cpncept-store-DARIA-PACHA3.jpg 768w, https:\/\/amaconceptstore.fr\/wp-content\/uploads\/2023\/11\/sacrecoeur-lyon-ama-cpncept-store-DARIA-PACHA3-200x300.jpg 200w, https:\/\/amaconceptstore.fr\/wp-content\/uploads\/2023\/11\/sacrecoeur-lyon-ama-cpncept-store-DARIA-PACHA3-684x1024.jpg 684w\" sizes=\"(max-width: 768px) 100vw, 768px\" \/>\t\t\t\t\t\t\t\t\t\t\t<figcaption class=\"widget-image-caption wp-caption-text\"><\/figcaption>\n\t\t\t\t\t\t\t\t\t\t<\/figure>\n\t\t\t\t\t\t\t\t\t<\/div>\n\t\t\t\t<\/div>\n\t\t\t\t\t<\/div>\n\t\t<\/div>\n\t\t\t\t<div class=\"elementor-column elementor-col-50 elementor-top-column elementor-element elementor-element-4e212e8d\" data-id=\"4e212e8d\" data-element_type=\"column\" data-e-type=\"column\">\n\t\t\t<div class=\"elementor-widget-wrap elementor-element-populated\">\n\t\t\t\t\t\t<div class=\"elementor-element elementor-element-1687776 elementor-invisible elementor-widget elementor-widget-image\" data-id=\"1687776\" data-element_type=\"widget\" data-e-type=\"widget\" data-settings=\"{&quot;_animation&quot;:&quot;fadeIn&quot;}\" data-widget_type=\"image.default\">\n\t\t\t\t<div class=\"elementor-widget-container\">\n\t\t\t\t\t\t\t\t\t\t\t\t<figure class=\"wp-caption\">\n\t\t\t\t\t\t\t\t\t\t<img decoding=\"async\" width=\"683\" height=\"1024\" src=\"https:\/\/amaconceptstore.fr\/wp-content\/uploads\/2023\/11\/sacrecoeur-lyon-ama-cpncept-store-DARIA-PACHA4.jpg\" class=\"attachment-full size-full wp-image-1182\" alt=\"Veste courte ronde, gans\u00e9e et non doubl\u00e9e. En jacquard fantaisie. Tiss\u00e9 en Italie.\" srcset=\"https:\/\/amaconceptstore.fr\/wp-content\/uploads\/2023\/11\/sacrecoeur-lyon-ama-cpncept-store-DARIA-PACHA4.jpg 683w, https:\/\/amaconceptstore.fr\/wp-content\/uploads\/2023\/11\/sacrecoeur-lyon-ama-cpncept-store-DARIA-PACHA4-200x300.jpg 200w\" sizes=\"(max-width: 683px) 100vw, 683px\" \/>\t\t\t\t\t\t\t\t\t\t\t<figcaption class=\"widget-image-caption wp-caption-text\"><\/figcaption>\n\t\t\t\t\t\t\t\t\t\t<\/figure>\n\t\t\t\t\t\t\t\t\t<\/div>\n\t\t\t\t<\/div>\n\t\t\t\t<div class=\"elementor-element elementor-element-3b24916 elementor-widget elementor-widget-heading\" data-id=\"3b24916\" data-element_type=\"widget\" data-e-type=\"widget\" data-widget_type=\"heading.default\">\n\t\t\t\t<div class=\"elementor-widget-container\">\n\t\t\t\t\t<p class=\"elementor-heading-title elementor-size-default\">\u00c0 retrouver en boutique : <\/p>\t\t\t\t<\/div>\n\t\t\t\t<\/div>\n\t\t\t\t<div class=\"elementor-element elementor-element-271b6952 elementor-widget elementor-widget-heading\" data-id=\"271b6952\" data-element_type=\"widget\" data-e-type=\"widget\" data-widget_type=\"heading.default\">\n\t\t\t\t<div class=\"elementor-widget-container\">\n\t\t\t\t\t<h2 class=\"elementor-heading-title elementor-size-default\">Veste courte ronde, gans\u00e9e et non doubl\u00e9e n jacquard fantaisie. Tiss\u00e9 en Italie.<\/h2>\t\t\t\t<\/div>\n\t\t\t\t<\/div>\n\t\t\t\t\t<\/div>\n\t\t<\/div>\n\t\t\t\t\t<\/div>\n\t\t<\/section>\n\t\t\t\t<section class=\"elementor-section elementor-top-section elementor-element elementor-element-2254860d elementor-section-boxed elementor-section-height-default elementor-section-height-default\" data-id=\"2254860d\" data-element_type=\"section\" data-e-type=\"section\">\n\t\t\t\t\t\t<div class=\"elementor-container elementor-column-gap-no\">\n\t\t\t\t\t<div class=\"elementor-column elementor-col-33 elementor-top-column elementor-element elementor-element-c3d3ffb\" data-id=\"c3d3ffb\" data-element_type=\"column\" data-e-type=\"column\">\n\t\t\t<div class=\"elementor-widget-wrap elementor-element-populated\">\n\t\t\t\t\t\t<div class=\"elementor-element elementor-element-63a49dae elementor-invisible elementor-widget elementor-widget-image\" data-id=\"63a49dae\" data-element_type=\"widget\" data-e-type=\"widget\" data-settings=\"{&quot;_animation&quot;:&quot;fadeIn&quot;}\" data-widget_type=\"image.default\">\n\t\t\t\t<div class=\"elementor-widget-container\">\n\t\t\t\t\t\t\t\t\t\t\t\t<figure class=\"wp-caption\">\n\t\t\t\t\t\t\t\t\t\t<img decoding=\"async\" width=\"683\" height=\"1024\" src=\"https:\/\/amaconceptstore.fr\/wp-content\/uploads\/2023\/11\/sacrecoeur-lyon-ama-cpncept-store-CAROLINE-CIEL2.jpg\" class=\"attachment-full size-full wp-image-1184\" alt=\"Chemise en popeline unie. En popeline de coton bci. Teinture en plong\u00e9e. Col chemise classique. Boutons cach\u00e9s. Bas de v\u00eatement arrondi. Poignets boutonn\u00e9s, patte capucin. Poche poitrine. D\u00e9tail pli creux dans le dos.\" srcset=\"https:\/\/amaconceptstore.fr\/wp-content\/uploads\/2023\/11\/sacrecoeur-lyon-ama-cpncept-store-CAROLINE-CIEL2.jpg 683w, https:\/\/amaconceptstore.fr\/wp-content\/uploads\/2023\/11\/sacrecoeur-lyon-ama-cpncept-store-CAROLINE-CIEL2-200x300.jpg 200w\" sizes=\"(max-width: 683px) 100vw, 683px\" \/>\t\t\t\t\t\t\t\t\t\t\t<figcaption class=\"widget-image-caption wp-caption-text\"><\/figcaption>\n\t\t\t\t\t\t\t\t\t\t<\/figure>\n\t\t\t\t\t\t\t\t\t<\/div>\n\t\t\t\t<\/div>\n\t\t\t\t<div class=\"elementor-element elementor-element-4f199910 elementor-widget elementor-widget-heading\" data-id=\"4f199910\" data-element_type=\"widget\" data-e-type=\"widget\" data-widget_type=\"heading.default\">\n\t\t\t\t<div class=\"elementor-widget-container\">\n\t\t\t\t\t<p class=\"elementor-heading-title elementor-size-default\">\u00c0 retrouver en boutique : <\/p>\t\t\t\t<\/div>\n\t\t\t\t<\/div>\n\t\t\t\t<div class=\"elementor-element elementor-element-2eb2b816 elementor-widget elementor-widget-heading\" data-id=\"2eb2b816\" data-element_type=\"widget\" data-e-type=\"widget\" data-widget_type=\"heading.default\">\n\t\t\t\t<div class=\"elementor-widget-container\">\n\t\t\t\t\t<h2 class=\"elementor-heading-title elementor-size-default\">Chemise en popeline unie de coton bci. Teinture en plong\u00e9e.<\/h2>\t\t\t\t<\/div>\n\t\t\t\t<\/div>\n\t\t\t\t\t<\/div>\n\t\t<\/div>\n\t\t\t\t<div class=\"elementor-column elementor-col-33 elementor-top-column elementor-element elementor-element-3aae6d8c\" data-id=\"3aae6d8c\" data-element_type=\"column\" data-e-type=\"column\">\n\t\t\t<div class=\"elementor-widget-wrap\">\n\t\t\t\t\t\t\t<\/div>\n\t\t<\/div>\n\t\t\t\t<div class=\"elementor-column elementor-col-33 elementor-top-column elementor-element elementor-element-42e1658\" data-id=\"42e1658\" data-element_type=\"column\" data-e-type=\"column\">\n\t\t\t<div class=\"elementor-widget-wrap elementor-element-populated\">\n\t\t\t\t\t\t<div class=\"elementor-element elementor-element-1801d44b elementor-invisible elementor-widget elementor-widget-image\" data-id=\"1801d44b\" data-element_type=\"widget\" data-e-type=\"widget\" data-settings=\"{&quot;_animation&quot;:&quot;fadeIn&quot;}\" data-widget_type=\"image.default\">\n\t\t\t\t<div class=\"elementor-widget-container\">\n\t\t\t\t\t\t\t\t\t\t\t\t<figure class=\"wp-caption\">\n\t\t\t\t\t\t\t\t\t\t<img loading=\"lazy\" decoding=\"async\" width=\"1276\" height=\"1913\" src=\"https:\/\/amaconceptstore.fr\/wp-content\/uploads\/2023\/11\/sacrecoeur-lyon-ama-cpncept-store-SACRECOEUR_HIVER_23_33638.jpg\" class=\"attachment-full size-full wp-image-1185\" alt=\"\" srcset=\"https:\/\/amaconceptstore.fr\/wp-content\/uploads\/2023\/11\/sacrecoeur-lyon-ama-cpncept-store-SACRECOEUR_HIVER_23_33638.jpg 1276w, https:\/\/amaconceptstore.fr\/wp-content\/uploads\/2023\/11\/sacrecoeur-lyon-ama-cpncept-store-SACRECOEUR_HIVER_23_33638-200x300.jpg 200w, https:\/\/amaconceptstore.fr\/wp-content\/uploads\/2023\/11\/sacrecoeur-lyon-ama-cpncept-store-SACRECOEUR_HIVER_23_33638-683x1024.jpg 683w, https:\/\/amaconceptstore.fr\/wp-content\/uploads\/2023\/11\/sacrecoeur-lyon-ama-cpncept-store-SACRECOEUR_HIVER_23_33638-768x1151.jpg 768w, https:\/\/amaconceptstore.fr\/wp-content\/uploads\/2023\/11\/sacrecoeur-lyon-ama-cpncept-store-SACRECOEUR_HIVER_23_33638-1025x1536.jpg 1025w\" sizes=\"(max-width: 1276px) 100vw, 1276px\" \/>\t\t\t\t\t\t\t\t\t\t\t<figcaption class=\"widget-image-caption wp-caption-text\"><\/figcaption>\n\t\t\t\t\t\t\t\t\t\t<\/figure>\n\t\t\t\t\t\t\t\t\t<\/div>\n\t\t\t\t<\/div>\n\t\t\t\t\t<\/div>\n\t\t<\/div>\n\t\t\t\t\t<\/div>\n\t\t<\/section>\n\t\t\t\t<section class=\"elementor-section elementor-top-section elementor-element elementor-element-735a5980 elementor-section-full_width elementor-section-height-default elementor-section-height-default\" data-id=\"735a5980\" data-element_type=\"section\" data-e-type=\"section\">\n\t\t\t\t\t\t<div class=\"elementor-container elementor-column-gap-default\">\n\t\t\t\t\t<div class=\"elementor-column elementor-col-100 elementor-top-column elementor-element elementor-element-5dccd021\" data-id=\"5dccd021\" data-element_type=\"column\" data-e-type=\"column\">\n\t\t\t<div class=\"elementor-widget-wrap elementor-element-populated\">\n\t\t\t\t\t\t<div class=\"elementor-element elementor-element-4a8f837b elementor-widget elementor-widget-heading\" data-id=\"4a8f837b\" data-element_type=\"widget\" data-e-type=\"widget\" data-widget_type=\"heading.default\">\n\t\t\t\t<div class=\"elementor-widget-container\">\n\t\t\t\t\t<h3 class=\"elementor-heading-title elementor-size-default\">Vous aimerez aussi...<\/h3>\t\t\t\t<\/div>\n\t\t\t\t<\/div>\n\t\t\t\t<div class=\"elementor-element elementor-element-957eda0 elementor-widget-divider--view-line elementor-widget elementor-widget-divider\" data-id=\"957eda0\" data-element_type=\"widget\" data-e-type=\"widget\" data-widget_type=\"divider.default\">\n\t\t\t\t<div class=\"elementor-widget-container\">\n\t\t\t\t\t\t\t<div class=\"elementor-divider\">\n\t\t\t<span class=\"elementor-divider-separator\">\n\t\t\t\t\t\t<\/span>\n\t\t<\/div>\n\t\t\t\t\t\t<\/div>\n\t\t\t\t<\/div>\n\t\t\t\t<div class=\"elementor-element elementor-element-3cc9ad26 elementor-grid-3 elementor-grid-tablet-2 elementor-grid-mobile-1 elementor-widget elementor-widget-portfolio\" data-id=\"3cc9ad26\" data-element_type=\"widget\" data-e-type=\"widget\" data-settings=\"{&quot;item_ratio&quot;:{&quot;unit&quot;:&quot;px&quot;,&quot;size&quot;:1.2,&quot;sizes&quot;:[]},&quot;columns&quot;:&quot;3&quot;,&quot;columns_tablet&quot;:&quot;2&quot;,&quot;columns_mobile&quot;:&quot;1&quot;,&quot;item_gap&quot;:{&quot;unit&quot;:&quot;px&quot;,&quot;size&quot;:&quot;&quot;,&quot;sizes&quot;:[]},&quot;row_gap&quot;:{&quot;unit&quot;:&quot;px&quot;,&quot;size&quot;:&quot;&quot;,&quot;sizes&quot;:[]}}\" data-widget_type=\"portfolio.default\">\n\t\t\t\t<div class=\"elementor-widget-container\">\n\t\t\t\t\t\t\t<div class=\"elementor-portfolio elementor-grid elementor-posts-container\" role=\"list\">\n\t\t\t\t<article class=\"elementor-portfolio-item elementor-post  post-1256 post type-post status-publish format-standard has-post-thumbnail hentry category-decoration\" role=\"listitem\">\n\t\t\t<a class=\"elementor-post__thumbnail__link\" href=\"https:\/\/amaconceptstore.fr\/index.php\/2023\/11\/20\/flaire-lyon\/\">\n\t\t\t\t<div class=\"elementor-portfolio-item__img elementor-post__thumbnail\">\n\t\t\t<img loading=\"lazy\" decoding=\"async\" width=\"720\" height=\"958\" src=\"https:\/\/amaconceptstore.fr\/wp-content\/uploads\/2023\/11\/ama-concept-store-lyon-flaire-bougie-olive-2.jpg\" class=\"attachment-full size-full wp-image-1258\" alt=\"\" srcset=\"https:\/\/amaconceptstore.fr\/wp-content\/uploads\/2023\/11\/ama-concept-store-lyon-flaire-bougie-olive-2.jpg 720w, https:\/\/amaconceptstore.fr\/wp-content\/uploads\/2023\/11\/ama-concept-store-lyon-flaire-bougie-olive-2-225x300.jpg 225w\" sizes=\"(max-width: 720px) 100vw, 720px\" \/>\t\t<\/div>\n\t\t\t\t<div class=\"elementor-portfolio-item__overlay\">\n\t\t\t\t<h2 class=\"elementor-portfolio-item__title\">\n\t\tFlai(Re)\t\t<\/h2>\n\t\t\t\t<\/div>\n\t\t\t\t<\/a>\n\t\t<\/article>\n\t\t\t\t<article class=\"elementor-portfolio-item elementor-post  post-1243 post type-post status-publish format-standard has-post-thumbnail hentry category-decoration\" role=\"listitem\">\n\t\t\t<a class=\"elementor-post__thumbnail__link\" href=\"https:\/\/amaconceptstore.fr\/index.php\/2023\/11\/20\/maison-tchin-tchin\/\">\n\t\t\t\t<div class=\"elementor-portfolio-item__img elementor-post__thumbnail\">\n\t\t\t<img loading=\"lazy\" decoding=\"async\" width=\"1100\" height=\"1100\" src=\"https:\/\/amaconceptstore.fr\/wp-content\/uploads\/2023\/11\/BOUGIE-PARFUMEE-CHARDONNAY-1.1_1100x.webp\" class=\"attachment-full size-full wp-image-1244\" alt=\"\" srcset=\"https:\/\/amaconceptstore.fr\/wp-content\/uploads\/2023\/11\/BOUGIE-PARFUMEE-CHARDONNAY-1.1_1100x.webp 1100w, https:\/\/amaconceptstore.fr\/wp-content\/uploads\/2023\/11\/BOUGIE-PARFUMEE-CHARDONNAY-1.1_1100x-300x300.webp 300w, https:\/\/amaconceptstore.fr\/wp-content\/uploads\/2023\/11\/BOUGIE-PARFUMEE-CHARDONNAY-1.1_1100x-1024x1024.webp 1024w, https:\/\/amaconceptstore.fr\/wp-content\/uploads\/2023\/11\/BOUGIE-PARFUMEE-CHARDONNAY-1.1_1100x-150x150.webp 150w, https:\/\/amaconceptstore.fr\/wp-content\/uploads\/2023\/11\/BOUGIE-PARFUMEE-CHARDONNAY-1.1_1100x-768x768.webp 768w\" sizes=\"(max-width: 1100px) 100vw, 1100px\" \/>\t\t<\/div>\n\t\t\t\t<div class=\"elementor-portfolio-item__overlay\">\n\t\t\t\t<h2 class=\"elementor-portfolio-item__title\">\n\t\tMaison Tchin Tchin\t\t<\/h2>\n\t\t\t\t<\/div>\n\t\t\t\t<\/a>\n\t\t<\/article>\n\t\t\t\t<article class=\"elementor-portfolio-item elementor-post  post-1209 post type-post status-publish format-standard has-post-thumbnail hentry category-lingerie\" role=\"listitem\">\n\t\t\t<a class=\"elementor-post__thumbnail__link\" href=\"https:\/\/amaconceptstore.fr\/index.php\/2023\/11\/20\/chichi-castelnango\/\">\n\t\t\t\t<div class=\"elementor-portfolio-item__img elementor-post__thumbnail\">\n\t\t\t<img loading=\"lazy\" decoding=\"async\" width=\"1000\" height=\"1500\" src=\"https:\/\/amaconceptstore.fr\/wp-content\/uploads\/2023\/11\/Chichi-Castelnango-lyon-ama-concept-store-9.jpg\" class=\"attachment-full size-full wp-image-1214\" alt=\"\" srcset=\"https:\/\/amaconceptstore.fr\/wp-content\/uploads\/2023\/11\/Chichi-Castelnango-lyon-ama-concept-store-9.jpg 1000w, https:\/\/amaconceptstore.fr\/wp-content\/uploads\/2023\/11\/Chichi-Castelnango-lyon-ama-concept-store-9-200x300.jpg 200w, https:\/\/amaconceptstore.fr\/wp-content\/uploads\/2023\/11\/Chichi-Castelnango-lyon-ama-concept-store-9-683x1024.jpg 683w, https:\/\/amaconceptstore.fr\/wp-content\/uploads\/2023\/11\/Chichi-Castelnango-lyon-ama-concept-store-9-768x1152.jpg 768w\" sizes=\"(max-width: 1000px) 100vw, 1000px\" \/>\t\t<\/div>\n\t\t\t\t<div class=\"elementor-portfolio-item__overlay\">\n\t\t\t\t<h2 class=\"elementor-portfolio-item__title\">\n\t\tChichi Castelnango\t\t<\/h2>\n\t\t\t\t<\/div>\n\t\t\t\t<\/a>\n\t\t<\/article>\n\t\t\t\t<\/div>\n\t\t\t\t\t\t<\/div>\n\t\t\t\t<\/div>\n\t\t\t\t\t<\/div>\n\t\t<\/div>\n\t\t\t\t\t<\/div>\n\t\t<\/section>\n\t\t\t\t<\/div>\n\t\t","protected":false},"excerpt":{"rendered":"<p>Pr\u00eat \u00e0 porter, marque fran\u00e7aise ind\u00e9pendante et designer en France Sacr\u00e9coeur, chemises f\u00e9minines lyonnaises Sacr\u00e9coeur, fond\u00e9e par Julien Doligez en 2016, incarne l&rsquo;\u00e9l\u00e9gance contemporaine \u00e0 travers sa sp\u00e9cialisation dans les chemises pour femmes. Inspir\u00e9e du riche patrimoine textile du bassin lyonnais, la marque redonne vie aux armures nobles, valorisant chaque v\u00eatement. La chemise, choisie comme [&hellip;]<\/p>\n","protected":false},"author":1,"featured_media":1179,"comment_status":"open","ping_status":"open","sticky":false,"template":"elementor_header_footer","format":"standard","meta":{"_monsterinsights_skip_tracking":false,"_monsterinsights_sitenote_active":false,"_monsterinsights_sitenote_note":"","_monsterinsights_sitenote_category":0,"footnotes":""},"categories":[1],"tags":[],"class_list":["post-1178","post","type-post","status-publish","format-standard","has-post-thumbnail","hentry","category-vetements"],"yoast_head":"<!-- This site is optimized with the Yoast SEO plugin v27.5 - https:\/\/yoast.com\/product\/yoast-seo-wordpress\/ -->\n<title>Sacr\u00e9coeur - AMA Concept Store<\/title>\n<meta name=\"description\" content=\"D\u00e9couvrez Sacr\u00e9coeur \u00e0 Lyon chez Ama, une marque de chemises f\u00e9minines alliant la richesse textile lyonnaise \u00e0 des coupes \u00e9l\u00e9gantes.\" \/>\n<meta name=\"robots\" content=\"index, follow, max-snippet:-1, max-image-preview:large, max-video-preview:-1\" \/>\n<link rel=\"canonical\" href=\"https:\/\/amaconceptstore.fr\/index.php\/2023\/11\/13\/sacrecoeur\/\" \/>\n<meta property=\"og:locale\" content=\"fr_FR\" \/>\n<meta property=\"og:type\" content=\"article\" \/>\n<meta property=\"og:title\" content=\"Sacr\u00e9coeur - AMA Concept Store\" \/>\n<meta property=\"og:description\" content=\"D\u00e9couvrez Sacr\u00e9coeur \u00e0 Lyon chez Ama, une marque de chemises f\u00e9minines alliant la richesse textile lyonnaise \u00e0 des coupes \u00e9l\u00e9gantes.\" \/>\n<meta property=\"og:url\" content=\"https:\/\/amaconceptstore.fr\/index.php\/2023\/11\/13\/sacrecoeur\/\" \/>\n<meta property=\"og:site_name\" content=\"AMA Concept Store\" \/>\n<meta property=\"article:published_time\" content=\"2023-11-13T13:16:14+00:00\" \/>\n<meta property=\"article:modified_time\" content=\"2023-11-21T14:38:25+00:00\" \/>\n<meta property=\"og:image\" content=\"https:\/\/amaconceptstore.fr\/wp-content\/uploads\/2023\/11\/sacrecoeur-lyon-ama-cpncept-store-SACRECOEUR_HIVER_23_31914-1024x1535-1.jpg\" \/>\n\t<meta property=\"og:image:width\" content=\"1024\" \/>\n\t<meta property=\"og:image:height\" content=\"1535\" \/>\n\t<meta property=\"og:image:type\" content=\"image\/jpeg\" \/>\n<meta name=\"author\" content=\"Guillaume\" \/>\n<meta name=\"twitter:card\" content=\"summary_large_image\" \/>\n<meta name=\"twitter:label1\" content=\"\u00c9crit par\" \/>\n\t<meta name=\"twitter:data1\" content=\"Guillaume\" \/>\n\t<meta name=\"twitter:label2\" content=\"Dur\u00e9e de lecture estim\u00e9e\" \/>\n\t<meta name=\"twitter:data2\" content=\"3 minutes\" \/>\n<script type=\"application\/ld+json\" class=\"yoast-schema-graph\">{\"@context\":\"https:\\\/\\\/schema.org\",\"@graph\":[{\"@type\":\"Article\",\"@id\":\"https:\\\/\\\/amaconceptstore.fr\\\/index.php\\\/2023\\\/11\\\/13\\\/sacrecoeur\\\/#article\",\"isPartOf\":{\"@id\":\"https:\\\/\\\/amaconceptstore.fr\\\/index.php\\\/2023\\\/11\\\/13\\\/sacrecoeur\\\/\"},\"author\":{\"name\":\"Guillaume\",\"@id\":\"https:\\\/\\\/amaconceptstore.fr\\\/#\\\/schema\\\/person\\\/c3f40060a6e2e16d374be8e80b3e6e55\"},\"headline\":\"Sacr\u00e9coeur\",\"datePublished\":\"2023-11-13T13:16:14+00:00\",\"dateModified\":\"2023-11-21T14:38:25+00:00\",\"mainEntityOfPage\":{\"@id\":\"https:\\\/\\\/amaconceptstore.fr\\\/index.php\\\/2023\\\/11\\\/13\\\/sacrecoeur\\\/\"},\"wordCount\":199,\"commentCount\":0,\"publisher\":{\"@id\":\"https:\\\/\\\/amaconceptstore.fr\\\/#organization\"},\"image\":{\"@id\":\"https:\\\/\\\/amaconceptstore.fr\\\/index.php\\\/2023\\\/11\\\/13\\\/sacrecoeur\\\/#primaryimage\"},\"thumbnailUrl\":\"https:\\\/\\\/amaconceptstore.fr\\\/wp-content\\\/uploads\\\/2023\\\/11\\\/sacrecoeur-lyon-ama-cpncept-store-SACRECOEUR_HIVER_23_31914-1024x1535-1.jpg\",\"articleSection\":[\"V\u00eatements\"],\"inLanguage\":\"fr-FR\",\"potentialAction\":[{\"@type\":\"CommentAction\",\"name\":\"Comment\",\"target\":[\"https:\\\/\\\/amaconceptstore.fr\\\/index.php\\\/2023\\\/11\\\/13\\\/sacrecoeur\\\/#respond\"]}]},{\"@type\":\"WebPage\",\"@id\":\"https:\\\/\\\/amaconceptstore.fr\\\/index.php\\\/2023\\\/11\\\/13\\\/sacrecoeur\\\/\",\"url\":\"https:\\\/\\\/amaconceptstore.fr\\\/index.php\\\/2023\\\/11\\\/13\\\/sacrecoeur\\\/\",\"name\":\"Sacr\u00e9coeur - AMA Concept Store\",\"isPartOf\":{\"@id\":\"https:\\\/\\\/amaconceptstore.fr\\\/#website\"},\"primaryImageOfPage\":{\"@id\":\"https:\\\/\\\/amaconceptstore.fr\\\/index.php\\\/2023\\\/11\\\/13\\\/sacrecoeur\\\/#primaryimage\"},\"image\":{\"@id\":\"https:\\\/\\\/amaconceptstore.fr\\\/index.php\\\/2023\\\/11\\\/13\\\/sacrecoeur\\\/#primaryimage\"},\"thumbnailUrl\":\"https:\\\/\\\/amaconceptstore.fr\\\/wp-content\\\/uploads\\\/2023\\\/11\\\/sacrecoeur-lyon-ama-cpncept-store-SACRECOEUR_HIVER_23_31914-1024x1535-1.jpg\",\"datePublished\":\"2023-11-13T13:16:14+00:00\",\"dateModified\":\"2023-11-21T14:38:25+00:00\",\"description\":\"D\u00e9couvrez Sacr\u00e9coeur \u00e0 Lyon chez Ama, une marque de chemises f\u00e9minines alliant la richesse textile lyonnaise \u00e0 des coupes \u00e9l\u00e9gantes.\",\"breadcrumb\":{\"@id\":\"https:\\\/\\\/amaconceptstore.fr\\\/index.php\\\/2023\\\/11\\\/13\\\/sacrecoeur\\\/#breadcrumb\"},\"inLanguage\":\"fr-FR\",\"potentialAction\":[{\"@type\":\"ReadAction\",\"target\":[\"https:\\\/\\\/amaconceptstore.fr\\\/index.php\\\/2023\\\/11\\\/13\\\/sacrecoeur\\\/\"]}]},{\"@type\":\"ImageObject\",\"inLanguage\":\"fr-FR\",\"@id\":\"https:\\\/\\\/amaconceptstore.fr\\\/index.php\\\/2023\\\/11\\\/13\\\/sacrecoeur\\\/#primaryimage\",\"url\":\"https:\\\/\\\/amaconceptstore.fr\\\/wp-content\\\/uploads\\\/2023\\\/11\\\/sacrecoeur-lyon-ama-cpncept-store-SACRECOEUR_HIVER_23_31914-1024x1535-1.jpg\",\"contentUrl\":\"https:\\\/\\\/amaconceptstore.fr\\\/wp-content\\\/uploads\\\/2023\\\/11\\\/sacrecoeur-lyon-ama-cpncept-store-SACRECOEUR_HIVER_23_31914-1024x1535-1.jpg\",\"width\":1024,\"height\":1535,\"caption\":\"Veste courte non doubl\u00e9e. En laine vierge bouillie. Tiss\u00e9e en Italie. Col classique. Manches raglan. Deux poches poitrine plaqu\u00e9es boutonn\u00e9es. Boutons apparents. Poignets boutonn\u00e9s.\"},{\"@type\":\"BreadcrumbList\",\"@id\":\"https:\\\/\\\/amaconceptstore.fr\\\/index.php\\\/2023\\\/11\\\/13\\\/sacrecoeur\\\/#breadcrumb\",\"itemListElement\":[{\"@type\":\"ListItem\",\"position\":1,\"name\":\"Accueil\",\"item\":\"https:\\\/\\\/amaconceptstore.fr\\\/\"},{\"@type\":\"ListItem\",\"position\":2,\"name\":\"Sacr\u00e9coeur\"}]},{\"@type\":\"WebSite\",\"@id\":\"https:\\\/\\\/amaconceptstore.fr\\\/#website\",\"url\":\"https:\\\/\\\/amaconceptstore.fr\\\/\",\"name\":\"AMA Concept Store\",\"description\":\"Boutique de pr\u00eat \u00e0 porter : Accessoires, Lingerie, Bijoux\",\"publisher\":{\"@id\":\"https:\\\/\\\/amaconceptstore.fr\\\/#organization\"},\"potentialAction\":[{\"@type\":\"SearchAction\",\"target\":{\"@type\":\"EntryPoint\",\"urlTemplate\":\"https:\\\/\\\/amaconceptstore.fr\\\/?s={search_term_string}\"},\"query-input\":{\"@type\":\"PropertyValueSpecification\",\"valueRequired\":true,\"valueName\":\"search_term_string\"}}],\"inLanguage\":\"fr-FR\"},{\"@type\":\"Organization\",\"@id\":\"https:\\\/\\\/amaconceptstore.fr\\\/#organization\",\"name\":\"AMA Concept Store\",\"url\":\"https:\\\/\\\/amaconceptstore.fr\\\/\",\"logo\":{\"@type\":\"ImageObject\",\"inLanguage\":\"fr-FR\",\"@id\":\"https:\\\/\\\/amaconceptstore.fr\\\/#\\\/schema\\\/logo\\\/image\\\/\",\"url\":\"https:\\\/\\\/amaconceptstore.fr\\\/wp-content\\\/uploads\\\/2022\\\/11\\\/AMA-Concept-Store-Logo.png\",\"contentUrl\":\"https:\\\/\\\/amaconceptstore.fr\\\/wp-content\\\/uploads\\\/2022\\\/11\\\/AMA-Concept-Store-Logo.png\",\"width\":860,\"height\":337,\"caption\":\"AMA Concept Store\"},\"image\":{\"@id\":\"https:\\\/\\\/amaconceptstore.fr\\\/#\\\/schema\\\/logo\\\/image\\\/\"},\"sameAs\":[\"https:\\\/\\\/www.instagram.com\\\/amaconceptstore\\\/\"]},{\"@type\":\"Person\",\"@id\":\"https:\\\/\\\/amaconceptstore.fr\\\/#\\\/schema\\\/person\\\/c3f40060a6e2e16d374be8e80b3e6e55\",\"name\":\"Guillaume\",\"image\":{\"@type\":\"ImageObject\",\"inLanguage\":\"fr-FR\",\"@id\":\"https:\\\/\\\/secure.gravatar.com\\\/avatar\\\/e04cafaaf1157ad0b7fbd48e3846aa427b81e61ea827e1621776382505e4b723?s=96&d=mm&r=g\",\"url\":\"https:\\\/\\\/secure.gravatar.com\\\/avatar\\\/e04cafaaf1157ad0b7fbd48e3846aa427b81e61ea827e1621776382505e4b723?s=96&d=mm&r=g\",\"contentUrl\":\"https:\\\/\\\/secure.gravatar.com\\\/avatar\\\/e04cafaaf1157ad0b7fbd48e3846aa427b81e61ea827e1621776382505e4b723?s=96&d=mm&r=g\",\"caption\":\"Guillaume\"},\"sameAs\":[\"https:\\\/\\\/amaconceptstore.fr\"],\"url\":\"https:\\\/\\\/amaconceptstore.fr\\\/index.php\\\/author\\\/guillaume\\\/\"}]}<\/script>\n<!-- \/ Yoast SEO plugin. -->","yoast_head_json":{"title":"Sacr\u00e9coeur - AMA Concept Store","description":"D\u00e9couvrez Sacr\u00e9coeur \u00e0 Lyon chez Ama, une marque de chemises f\u00e9minines alliant la richesse textile lyonnaise \u00e0 des coupes \u00e9l\u00e9gantes.","robots":{"index":"index","follow":"follow","max-snippet":"max-snippet:-1","max-image-preview":"max-image-preview:large","max-video-preview":"max-video-preview:-1"},"canonical":"https:\/\/amaconceptstore.fr\/index.php\/2023\/11\/13\/sacrecoeur\/","og_locale":"fr_FR","og_type":"article","og_title":"Sacr\u00e9coeur - AMA Concept Store","og_description":"D\u00e9couvrez Sacr\u00e9coeur \u00e0 Lyon chez Ama, une marque de chemises f\u00e9minines alliant la richesse textile lyonnaise \u00e0 des coupes \u00e9l\u00e9gantes.","og_url":"https:\/\/amaconceptstore.fr\/index.php\/2023\/11\/13\/sacrecoeur\/","og_site_name":"AMA Concept Store","article_published_time":"2023-11-13T13:16:14+00:00","article_modified_time":"2023-11-21T14:38:25+00:00","og_image":[{"width":1024,"height":1535,"url":"https:\/\/amaconceptstore.fr\/wp-content\/uploads\/2023\/11\/sacrecoeur-lyon-ama-cpncept-store-SACRECOEUR_HIVER_23_31914-1024x1535-1.jpg","type":"image\/jpeg"}],"author":"Guillaume","twitter_card":"summary_large_image","twitter_misc":{"\u00c9crit par":"Guillaume","Dur\u00e9e de lecture estim\u00e9e":"3 minutes"},"schema":{"@context":"https:\/\/schema.org","@graph":[{"@type":"Article","@id":"https:\/\/amaconceptstore.fr\/index.php\/2023\/11\/13\/sacrecoeur\/#article","isPartOf":{"@id":"https:\/\/amaconceptstore.fr\/index.php\/2023\/11\/13\/sacrecoeur\/"},"author":{"name":"Guillaume","@id":"https:\/\/amaconceptstore.fr\/#\/schema\/person\/c3f40060a6e2e16d374be8e80b3e6e55"},"headline":"Sacr\u00e9coeur","datePublished":"2023-11-13T13:16:14+00:00","dateModified":"2023-11-21T14:38:25+00:00","mainEntityOfPage":{"@id":"https:\/\/amaconceptstore.fr\/index.php\/2023\/11\/13\/sacrecoeur\/"},"wordCount":199,"commentCount":0,"publisher":{"@id":"https:\/\/amaconceptstore.fr\/#organization"},"image":{"@id":"https:\/\/amaconceptstore.fr\/index.php\/2023\/11\/13\/sacrecoeur\/#primaryimage"},"thumbnailUrl":"https:\/\/amaconceptstore.fr\/wp-content\/uploads\/2023\/11\/sacrecoeur-lyon-ama-cpncept-store-SACRECOEUR_HIVER_23_31914-1024x1535-1.jpg","articleSection":["V\u00eatements"],"inLanguage":"fr-FR","potentialAction":[{"@type":"CommentAction","name":"Comment","target":["https:\/\/amaconceptstore.fr\/index.php\/2023\/11\/13\/sacrecoeur\/#respond"]}]},{"@type":"WebPage","@id":"https:\/\/amaconceptstore.fr\/index.php\/2023\/11\/13\/sacrecoeur\/","url":"https:\/\/amaconceptstore.fr\/index.php\/2023\/11\/13\/sacrecoeur\/","name":"Sacr\u00e9coeur - AMA Concept Store","isPartOf":{"@id":"https:\/\/amaconceptstore.fr\/#website"},"primaryImageOfPage":{"@id":"https:\/\/amaconceptstore.fr\/index.php\/2023\/11\/13\/sacrecoeur\/#primaryimage"},"image":{"@id":"https:\/\/amaconceptstore.fr\/index.php\/2023\/11\/13\/sacrecoeur\/#primaryimage"},"thumbnailUrl":"https:\/\/amaconceptstore.fr\/wp-content\/uploads\/2023\/11\/sacrecoeur-lyon-ama-cpncept-store-SACRECOEUR_HIVER_23_31914-1024x1535-1.jpg","datePublished":"2023-11-13T13:16:14+00:00","dateModified":"2023-11-21T14:38:25+00:00","description":"D\u00e9couvrez Sacr\u00e9coeur \u00e0 Lyon chez Ama, une marque de chemises f\u00e9minines alliant la richesse textile lyonnaise \u00e0 des coupes \u00e9l\u00e9gantes.","breadcrumb":{"@id":"https:\/\/amaconceptstore.fr\/index.php\/2023\/11\/13\/sacrecoeur\/#breadcrumb"},"inLanguage":"fr-FR","potentialAction":[{"@type":"ReadAction","target":["https:\/\/amaconceptstore.fr\/index.php\/2023\/11\/13\/sacrecoeur\/"]}]},{"@type":"ImageObject","inLanguage":"fr-FR","@id":"https:\/\/amaconceptstore.fr\/index.php\/2023\/11\/13\/sacrecoeur\/#primaryimage","url":"https:\/\/amaconceptstore.fr\/wp-content\/uploads\/2023\/11\/sacrecoeur-lyon-ama-cpncept-store-SACRECOEUR_HIVER_23_31914-1024x1535-1.jpg","contentUrl":"https:\/\/amaconceptstore.fr\/wp-content\/uploads\/2023\/11\/sacrecoeur-lyon-ama-cpncept-store-SACRECOEUR_HIVER_23_31914-1024x1535-1.jpg","width":1024,"height":1535,"caption":"Veste courte non doubl\u00e9e. En laine vierge bouillie. Tiss\u00e9e en Italie. Col classique. Manches raglan. Deux poches poitrine plaqu\u00e9es boutonn\u00e9es. Boutons apparents. Poignets boutonn\u00e9s."},{"@type":"BreadcrumbList","@id":"https:\/\/amaconceptstore.fr\/index.php\/2023\/11\/13\/sacrecoeur\/#breadcrumb","itemListElement":[{"@type":"ListItem","position":1,"name":"Accueil","item":"https:\/\/amaconceptstore.fr\/"},{"@type":"ListItem","position":2,"name":"Sacr\u00e9coeur"}]},{"@type":"WebSite","@id":"https:\/\/amaconceptstore.fr\/#website","url":"https:\/\/amaconceptstore.fr\/","name":"AMA Concept Store","description":"Boutique de pr\u00eat \u00e0 porter : Accessoires, Lingerie, Bijoux","publisher":{"@id":"https:\/\/amaconceptstore.fr\/#organization"},"potentialAction":[{"@type":"SearchAction","target":{"@type":"EntryPoint","urlTemplate":"https:\/\/amaconceptstore.fr\/?s={search_term_string}"},"query-input":{"@type":"PropertyValueSpecification","valueRequired":true,"valueName":"search_term_string"}}],"inLanguage":"fr-FR"},{"@type":"Organization","@id":"https:\/\/amaconceptstore.fr\/#organization","name":"AMA Concept Store","url":"https:\/\/amaconceptstore.fr\/","logo":{"@type":"ImageObject","inLanguage":"fr-FR","@id":"https:\/\/amaconceptstore.fr\/#\/schema\/logo\/image\/","url":"https:\/\/amaconceptstore.fr\/wp-content\/uploads\/2022\/11\/AMA-Concept-Store-Logo.png","contentUrl":"https:\/\/amaconceptstore.fr\/wp-content\/uploads\/2022\/11\/AMA-Concept-Store-Logo.png","width":860,"height":337,"caption":"AMA Concept Store"},"image":{"@id":"https:\/\/amaconceptstore.fr\/#\/schema\/logo\/image\/"},"sameAs":["https:\/\/www.instagram.com\/amaconceptstore\/"]},{"@type":"Person","@id":"https:\/\/amaconceptstore.fr\/#\/schema\/person\/c3f40060a6e2e16d374be8e80b3e6e55","name":"Guillaume","image":{"@type":"ImageObject","inLanguage":"fr-FR","@id":"https:\/\/secure.gravatar.com\/avatar\/e04cafaaf1157ad0b7fbd48e3846aa427b81e61ea827e1621776382505e4b723?s=96&d=mm&r=g","url":"https:\/\/secure.gravatar.com\/avatar\/e04cafaaf1157ad0b7fbd48e3846aa427b81e61ea827e1621776382505e4b723?s=96&d=mm&r=g","contentUrl":"https:\/\/secure.gravatar.com\/avatar\/e04cafaaf1157ad0b7fbd48e3846aa427b81e61ea827e1621776382505e4b723?s=96&d=mm&r=g","caption":"Guillaume"},"sameAs":["https:\/\/amaconceptstore.fr"],"url":"https:\/\/amaconceptstore.fr\/index.php\/author\/guillaume\/"}]}},"_links":{"self":[{"href":"https:\/\/amaconceptstore.fr\/index.php\/wp-json\/wp\/v2\/posts\/1178","targetHints":{"allow":["GET"]}}],"collection":[{"href":"https:\/\/amaconceptstore.fr\/index.php\/wp-json\/wp\/v2\/posts"}],"about":[{"href":"https:\/\/amaconceptstore.fr\/index.php\/wp-json\/wp\/v2\/types\/post"}],"author":[{"embeddable":true,"href":"https:\/\/amaconceptstore.fr\/index.php\/wp-json\/wp\/v2\/users\/1"}],"replies":[{"embeddable":true,"href":"https:\/\/amaconceptstore.fr\/index.php\/wp-json\/wp\/v2\/comments?post=1178"}],"version-history":[{"count":8,"href":"https:\/\/amaconceptstore.fr\/index.php\/wp-json\/wp\/v2\/posts\/1178\/revisions"}],"predecessor-version":[{"id":1191,"href":"https:\/\/amaconceptstore.fr\/index.php\/wp-json\/wp\/v2\/posts\/1178\/revisions\/1191"}],"wp:featuredmedia":[{"embeddable":true,"href":"https:\/\/amaconceptstore.fr\/index.php\/wp-json\/wp\/v2\/media\/1179"}],"wp:attachment":[{"href":"https:\/\/amaconceptstore.fr\/index.php\/wp-json\/wp\/v2\/media?parent=1178"}],"wp:term":[{"taxonomy":"category","embeddable":true,"href":"https:\/\/amaconceptstore.fr\/index.php\/wp-json\/wp\/v2\/categories?post=1178"},{"taxonomy":"post_tag","embeddable":true,"href":"https:\/\/amaconceptstore.fr\/index.php\/wp-json\/wp\/v2\/tags?post=1178"}],"curies":[{"name":"wp","href":"https:\/\/api.w.org\/{rel}","templated":true}]}}