{"id":1106,"date":"2023-03-29T10:35:31","date_gmt":"2023-03-29T10:35:31","guid":{"rendered":"https:\/\/amaconceptstore.fr\/?p=1106"},"modified":"2023-12-08T09:28:23","modified_gmt":"2023-12-08T09:28:23","slug":"marques-maisonlabiche","status":"publish","type":"post","link":"https:\/\/amaconceptstore.fr\/index.php\/2023\/03\/29\/marques-maisonlabiche\/","title":{"rendered":"MAISON LABICHE"},"content":{"rendered":"\t\t<div data-elementor-type=\"wp-post\" data-elementor-id=\"1106\" class=\"elementor elementor-1106\" data-elementor-post-type=\"post\">\n\t\t\t\t\t\t<section class=\"elementor-section elementor-top-section elementor-element elementor-element-2859ee90 elementor-section-height-min-height elementor-section-items-stretch elementor-section-full_width elementor-section-height-default\" data-id=\"2859ee90\" data-element_type=\"section\" data-e-type=\"section\">\n\t\t\t\t\t\t<div class=\"elementor-container elementor-column-gap-no\">\n\t\t\t\t\t<div class=\"elementor-column elementor-col-50 elementor-top-column elementor-element elementor-element-4a85f4a2\" data-id=\"4a85f4a2\" data-element_type=\"column\" data-e-type=\"column\">\n\t\t\t<div class=\"elementor-widget-wrap elementor-element-populated\">\n\t\t\t\t\t\t<div class=\"elementor-element elementor-element-22867872 elementor-widget elementor-widget-heading\" data-id=\"22867872\" data-element_type=\"widget\" data-e-type=\"widget\" data-widget_type=\"heading.default\">\n\t\t\t\t<div class=\"elementor-widget-container\">\n\t\t\t\t\t<h3 class=\"elementor-heading-title elementor-size-default\">Pr\u00eat \u00e0 porter, marque fran\u00e7aise ind\u00e9pendante et designer en France<\/h3>\t\t\t\t<\/div>\n\t\t\t\t<\/div>\n\t\t\t\t<div class=\"elementor-element elementor-element-a4900fb elementor-widget-divider--view-line elementor-widget elementor-widget-divider\" data-id=\"a4900fb\" data-element_type=\"widget\" data-e-type=\"widget\" data-widget_type=\"divider.default\">\n\t\t\t\t<div class=\"elementor-widget-container\">\n\t\t\t\t\t\t\t<div class=\"elementor-divider\">\n\t\t\t<span class=\"elementor-divider-separator\">\n\t\t\t\t\t\t<\/span>\n\t\t<\/div>\n\t\t\t\t\t\t<\/div>\n\t\t\t\t<\/div>\n\t\t\t\t<section class=\"elementor-section elementor-inner-section elementor-element elementor-element-6a172f33 elementor-section-full_width elementor-section-height-min-height elementor-section-content-middle elementor-section-height-default\" data-id=\"6a172f33\" data-element_type=\"section\" data-e-type=\"section\">\n\t\t\t\t\t\t<div class=\"elementor-container elementor-column-gap-no\">\n\t\t\t\t\t<div class=\"elementor-column elementor-col-100 elementor-inner-column elementor-element elementor-element-7934e754\" data-id=\"7934e754\" data-element_type=\"column\" data-e-type=\"column\">\n\t\t\t<div class=\"elementor-widget-wrap elementor-element-populated\">\n\t\t\t\t\t\t<div class=\"elementor-element elementor-element-29db3eff elementor-invisible elementor-widget elementor-widget-heading\" data-id=\"29db3eff\" data-element_type=\"widget\" data-e-type=\"widget\" data-settings=\"{&quot;_animation&quot;:&quot;fadeIn&quot;}\" data-widget_type=\"heading.default\">\n\t\t\t\t<div class=\"elementor-widget-container\">\n\t\t\t\t\t<h1 class=\"elementor-heading-title elementor-size-default\">MAISON LABICHE, V\u00caTEMENTS BROD\u00e9s<\/h1>\t\t\t\t<\/div>\n\t\t\t\t<\/div>\n\t\t\t\t<div class=\"elementor-element elementor-element-2f077547 elementor-drop-cap-yes justi elementor-drop-cap-view-default elementor-widget elementor-widget-text-editor\" data-id=\"2f077547\" data-element_type=\"widget\" data-e-type=\"widget\" data-settings=\"{&quot;drop_cap&quot;:&quot;yes&quot;}\" data-widget_type=\"text-editor.default\">\n\t\t\t\t<div class=\"elementor-widget-container\">\n\t\t\t\t\t\t\t\t\t<p><\/p><p>Maison Labiche est n\u00e9e en 2011 \u00e0 Paris. D\u00e8s le d\u00e9but, l\u2019ambition est claire : cr\u00e9er une maison avec une \u00e2me, proche de sa communaut\u00e9 et responsable. L\u2019histoire de la Maison commence avec un produit iconique, universel et intemporel : le tee-shirt blanc. Passionn\u00e9 par cette pi\u00e8ce essentielle et unisexe pr\u00e9sente dans tous les vestiaires, Maison<br \/>Labiche brode ses propres typographies sur le c\u0153ur de ses tee-shirts et d\u00e9veloppe d\u00e8s lors son objectif : \u00ab Apporter un savoir-faire couture sur une pi\u00e8ce populaire\u00bb.<\/p><p>Depuis le d\u00e9but, 95% des produits sont fabriqu\u00e9s en Europe, majoritairement au Portugal, o\u00f9 les ateliers suivent et grandissent \u00e0 leur c\u00f4t\u00e9. Cette proximit\u00e9 permet d\u2019assurer la qualit\u00e9 et la technicit\u00e9 des produits, de restreindre le nombre d\u2019interm\u00e9diaires afin de limiter l\u2019impact \u00e9cologique. Produire au Portugal s\u2019inscrit \u00e9galement dans un engagement social avec des conditions de travail encadr\u00e9es et respectueuses.<\/p><p>\u00a0<\/p><p><\/p>\t\t\t\t\t\t\t\t<\/div>\n\t\t\t\t<\/div>\n\t\t\t\t\t<\/div>\n\t\t<\/div>\n\t\t\t\t\t<\/div>\n\t\t<\/section>\n\t\t\t\t<section class=\"elementor-section elementor-inner-section elementor-element elementor-element-1db8c3aa elementor-section-full_width elementor-section-height-min-height elementor-section-content-middle elementor-section-height-default\" data-id=\"1db8c3aa\" data-element_type=\"section\" data-e-type=\"section\">\n\t\t\t\t\t\t<div class=\"elementor-container elementor-column-gap-no\">\n\t\t\t\t\t<div class=\"elementor-column elementor-col-50 elementor-inner-column elementor-element elementor-element-27a6bd5\" data-id=\"27a6bd5\" data-element_type=\"column\" data-e-type=\"column\">\n\t\t\t<div class=\"elementor-widget-wrap elementor-element-populated\">\n\t\t\t\t\t\t<div class=\"elementor-element elementor-element-a5958f6 elementor-widget elementor-widget-heading\" data-id=\"a5958f6\" data-element_type=\"widget\" data-e-type=\"widget\" data-widget_type=\"heading.default\">\n\t\t\t\t<div class=\"elementor-widget-container\">\n\t\t\t\t\t<p class=\"elementor-heading-title elementor-size-default\">\u00a9 Photos tous droits r\u00e9serv\u00e9s \u00e0 Maison Labiche<\/p>\t\t\t\t<\/div>\n\t\t\t\t<\/div>\n\t\t\t\t\t<\/div>\n\t\t<\/div>\n\t\t\t\t<div class=\"elementor-column elementor-col-50 elementor-inner-column elementor-element elementor-element-16e98e64\" data-id=\"16e98e64\" data-element_type=\"column\" data-e-type=\"column\">\n\t\t\t<div class=\"elementor-widget-wrap elementor-element-populated\">\n\t\t\t\t\t\t<div class=\"elementor-element elementor-element-daa2c42 e-grid-align-right e-grid-align-mobile-center elementor-shape-rounded elementor-grid-0 elementor-widget elementor-widget-social-icons\" data-id=\"daa2c42\" data-element_type=\"widget\" data-e-type=\"widget\" data-widget_type=\"social-icons.default\">\n\t\t\t\t<div class=\"elementor-widget-container\">\n\t\t\t\t\t\t\t<div class=\"elementor-social-icons-wrapper elementor-grid\">\n\t\t\t\t\t\t\t<span class=\"elementor-grid-item\">\n\t\t\t\t\t<a class=\"elementor-icon elementor-social-icon elementor-social-icon-instagram elementor-repeater-item-c5354ec\" href=\"https:\/\/www.instagram.com\/maisonlabiche\/\" target=\"_blank\">\n\t\t\t\t\t\t<span class=\"elementor-screen-only\">Instagram<\/span>\n\t\t\t\t\t\t<i aria-hidden=\"true\" class=\"fab fa-instagram\"><\/i>\t\t\t\t\t<\/a>\n\t\t\t\t<\/span>\n\t\t\t\t\t<\/div>\n\t\t\t\t\t\t<\/div>\n\t\t\t\t<\/div>\n\t\t\t\t\t<\/div>\n\t\t<\/div>\n\t\t\t\t\t<\/div>\n\t\t<\/section>\n\t\t\t\t\t<\/div>\n\t\t<\/div>\n\t\t\t\t<div class=\"elementor-column elementor-col-50 elementor-top-column elementor-element elementor-element-6526e18b\" data-id=\"6526e18b\" data-element_type=\"column\" data-e-type=\"column\" data-settings=\"{&quot;background_background&quot;:&quot;classic&quot;}\">\n\t\t\t<div class=\"elementor-widget-wrap elementor-element-populated\">\n\t\t\t\t\t\t<div class=\"elementor-element elementor-element-8f6dee5 elementor-widget elementor-widget-spacer\" data-id=\"8f6dee5\" data-element_type=\"widget\" data-e-type=\"widget\" data-widget_type=\"spacer.default\">\n\t\t\t\t<div class=\"elementor-widget-container\">\n\t\t\t\t\t\t\t<div class=\"elementor-spacer\">\n\t\t\t<div class=\"elementor-spacer-inner\"><\/div>\n\t\t<\/div>\n\t\t\t\t\t\t<\/div>\n\t\t\t\t<\/div>\n\t\t\t\t\t<\/div>\n\t\t<\/div>\n\t\t\t\t\t<\/div>\n\t\t<\/section>\n\t\t\t\t<section class=\"elementor-section elementor-top-section elementor-element elementor-element-794f5db8 elementor-reverse-mobile elementor-section-boxed elementor-section-height-default elementor-section-height-default\" data-id=\"794f5db8\" data-element_type=\"section\" data-e-type=\"section\">\n\t\t\t\t\t\t<div class=\"elementor-container elementor-column-gap-no\">\n\t\t\t\t\t<div class=\"elementor-column elementor-col-50 elementor-top-column elementor-element elementor-element-77a8e5b4\" data-id=\"77a8e5b4\" data-element_type=\"column\" data-e-type=\"column\">\n\t\t\t<div class=\"elementor-widget-wrap elementor-element-populated\">\n\t\t\t\t\t\t<div class=\"elementor-element elementor-element-7e1ea8dd elementor-invisible elementor-widget elementor-widget-image\" data-id=\"7e1ea8dd\" data-element_type=\"widget\" data-e-type=\"widget\" data-settings=\"{&quot;_animation&quot;:&quot;fadeIn&quot;}\" data-widget_type=\"image.default\">\n\t\t\t\t<div class=\"elementor-widget-container\">\n\t\t\t\t\t\t\t\t\t\t\t\t<figure class=\"wp-caption\">\n\t\t\t\t\t\t\t\t\t\t<img fetchpriority=\"high\" decoding=\"async\" width=\"1715\" height=\"2560\" src=\"https:\/\/amaconceptstore.fr\/wp-content\/uploads\/2023\/03\/ama-concept-store-lyon-Maison-Labiche-4-scaled.webp\" class=\"attachment-full size-full wp-image-1286\" alt=\"\" srcset=\"https:\/\/amaconceptstore.fr\/wp-content\/uploads\/2023\/03\/ama-concept-store-lyon-Maison-Labiche-4-scaled.webp 1715w, https:\/\/amaconceptstore.fr\/wp-content\/uploads\/2023\/03\/ama-concept-store-lyon-Maison-Labiche-4-201x300.webp 201w, https:\/\/amaconceptstore.fr\/wp-content\/uploads\/2023\/03\/ama-concept-store-lyon-Maison-Labiche-4-686x1024.webp 686w, https:\/\/amaconceptstore.fr\/wp-content\/uploads\/2023\/03\/ama-concept-store-lyon-Maison-Labiche-4-768x1146.webp 768w, https:\/\/amaconceptstore.fr\/wp-content\/uploads\/2023\/03\/ama-concept-store-lyon-Maison-Labiche-4-1029x1536.webp 1029w, https:\/\/amaconceptstore.fr\/wp-content\/uploads\/2023\/03\/ama-concept-store-lyon-Maison-Labiche-4-1372x2048.webp 1372w\" sizes=\"(max-width: 1715px) 100vw, 1715px\" \/>\t\t\t\t\t\t\t\t\t\t\t<figcaption class=\"widget-image-caption wp-caption-text\"><\/figcaption>\n\t\t\t\t\t\t\t\t\t\t<\/figure>\n\t\t\t\t\t\t\t\t\t<\/div>\n\t\t\t\t<\/div>\n\t\t\t\t\t<\/div>\n\t\t<\/div>\n\t\t\t\t<div class=\"elementor-column elementor-col-50 elementor-top-column elementor-element elementor-element-fa29bfe\" data-id=\"fa29bfe\" data-element_type=\"column\" data-e-type=\"column\">\n\t\t\t<div class=\"elementor-widget-wrap elementor-element-populated\">\n\t\t\t\t\t\t<div class=\"elementor-element elementor-element-b3cb469 elementor-invisible elementor-widget elementor-widget-image\" data-id=\"b3cb469\" data-element_type=\"widget\" data-e-type=\"widget\" data-settings=\"{&quot;_animation&quot;:&quot;fadeIn&quot;}\" data-widget_type=\"image.default\">\n\t\t\t\t<div class=\"elementor-widget-container\">\n\t\t\t\t\t\t\t\t\t\t\t\t<figure class=\"wp-caption\">\n\t\t\t\t\t\t\t\t\t\t<img decoding=\"async\" width=\"2560\" height=\"1715\" src=\"https:\/\/amaconceptstore.fr\/wp-content\/uploads\/2023\/03\/ama-concept-store-lyon-Maison-Labiche-1-scaled.webp\" class=\"attachment-full size-full wp-image-1283\" alt=\"\" srcset=\"https:\/\/amaconceptstore.fr\/wp-content\/uploads\/2023\/03\/ama-concept-store-lyon-Maison-Labiche-1-scaled.webp 2560w, https:\/\/amaconceptstore.fr\/wp-content\/uploads\/2023\/03\/ama-concept-store-lyon-Maison-Labiche-1-300x201.webp 300w, https:\/\/amaconceptstore.fr\/wp-content\/uploads\/2023\/03\/ama-concept-store-lyon-Maison-Labiche-1-1024x686.webp 1024w, https:\/\/amaconceptstore.fr\/wp-content\/uploads\/2023\/03\/ama-concept-store-lyon-Maison-Labiche-1-768x515.webp 768w, https:\/\/amaconceptstore.fr\/wp-content\/uploads\/2023\/03\/ama-concept-store-lyon-Maison-Labiche-1-1536x1029.webp 1536w, https:\/\/amaconceptstore.fr\/wp-content\/uploads\/2023\/03\/ama-concept-store-lyon-Maison-Labiche-1-2048x1372.webp 2048w\" sizes=\"(max-width: 2560px) 100vw, 2560px\" \/>\t\t\t\t\t\t\t\t\t\t\t<figcaption class=\"widget-image-caption wp-caption-text\"><\/figcaption>\n\t\t\t\t\t\t\t\t\t\t<\/figure>\n\t\t\t\t\t\t\t\t\t<\/div>\n\t\t\t\t<\/div>\n\t\t\t\t<div class=\"elementor-element elementor-element-1d4994b5 elementor-widget elementor-widget-heading\" data-id=\"1d4994b5\" data-element_type=\"widget\" data-e-type=\"widget\" data-widget_type=\"heading.default\">\n\t\t\t\t<div class=\"elementor-widget-container\">\n\t\t\t\t\t<p class=\"elementor-heading-title elementor-size-default\">\u00c0 retrouver en boutique : <\/p>\t\t\t\t<\/div>\n\t\t\t\t<\/div>\n\t\t\t\t<div class=\"elementor-element elementor-element-312a174f elementor-widget elementor-widget-heading\" data-id=\"312a174f\" data-element_type=\"widget\" data-e-type=\"widget\" data-widget_type=\"heading.default\">\n\t\t\t\t<div class=\"elementor-widget-container\">\n\t\t\t\t\t<h2 class=\"elementor-heading-title elementor-size-default\">Le sweatshirt joffrin<\/h2>\t\t\t\t<\/div>\n\t\t\t\t<\/div>\n\t\t\t\t\t<\/div>\n\t\t<\/div>\n\t\t\t\t\t<\/div>\n\t\t<\/section>\n\t\t\t\t<section class=\"elementor-section elementor-top-section elementor-element elementor-element-5725030d elementor-section-boxed elementor-section-height-default elementor-section-height-default\" data-id=\"5725030d\" data-element_type=\"section\" data-e-type=\"section\">\n\t\t\t\t\t\t<div class=\"elementor-container elementor-column-gap-no\">\n\t\t\t\t\t<div class=\"elementor-column elementor-col-33 elementor-top-column elementor-element elementor-element-4e5f74df\" data-id=\"4e5f74df\" data-element_type=\"column\" data-e-type=\"column\">\n\t\t\t<div class=\"elementor-widget-wrap elementor-element-populated\">\n\t\t\t\t\t\t<div class=\"elementor-element elementor-element-2f09697 elementor-invisible elementor-widget elementor-widget-image\" data-id=\"2f09697\" data-element_type=\"widget\" data-e-type=\"widget\" data-settings=\"{&quot;_animation&quot;:&quot;fadeIn&quot;}\" data-widget_type=\"image.default\">\n\t\t\t\t<div class=\"elementor-widget-container\">\n\t\t\t\t\t\t\t\t\t\t\t\t<figure class=\"wp-caption\">\n\t\t\t\t\t\t\t\t\t\t<img decoding=\"async\" width=\"1715\" height=\"2560\" src=\"https:\/\/amaconceptstore.fr\/wp-content\/uploads\/2023\/03\/ama-concept-store-lyon-Maison-Labiche-3-scaled.webp\" class=\"attachment-full size-full wp-image-1285\" alt=\"\" srcset=\"https:\/\/amaconceptstore.fr\/wp-content\/uploads\/2023\/03\/ama-concept-store-lyon-Maison-Labiche-3-scaled.webp 1715w, https:\/\/amaconceptstore.fr\/wp-content\/uploads\/2023\/03\/ama-concept-store-lyon-Maison-Labiche-3-201x300.webp 201w, https:\/\/amaconceptstore.fr\/wp-content\/uploads\/2023\/03\/ama-concept-store-lyon-Maison-Labiche-3-686x1024.webp 686w, https:\/\/amaconceptstore.fr\/wp-content\/uploads\/2023\/03\/ama-concept-store-lyon-Maison-Labiche-3-768x1146.webp 768w, https:\/\/amaconceptstore.fr\/wp-content\/uploads\/2023\/03\/ama-concept-store-lyon-Maison-Labiche-3-1029x1536.webp 1029w, https:\/\/amaconceptstore.fr\/wp-content\/uploads\/2023\/03\/ama-concept-store-lyon-Maison-Labiche-3-1372x2048.webp 1372w\" sizes=\"(max-width: 1715px) 100vw, 1715px\" \/>\t\t\t\t\t\t\t\t\t\t\t<figcaption class=\"widget-image-caption wp-caption-text\"><\/figcaption>\n\t\t\t\t\t\t\t\t\t\t<\/figure>\n\t\t\t\t\t\t\t\t\t<\/div>\n\t\t\t\t<\/div>\n\t\t\t\t<div class=\"elementor-element elementor-element-1f0e57db elementor-widget elementor-widget-heading\" data-id=\"1f0e57db\" data-element_type=\"widget\" data-e-type=\"widget\" data-widget_type=\"heading.default\">\n\t\t\t\t<div class=\"elementor-widget-container\">\n\t\t\t\t\t<p class=\"elementor-heading-title elementor-size-default\">\u00c0 retrouver en boutique : <\/p>\t\t\t\t<\/div>\n\t\t\t\t<\/div>\n\t\t\t\t<div class=\"elementor-element elementor-element-51abe789 elementor-widget elementor-widget-heading\" data-id=\"51abe789\" data-element_type=\"widget\" data-e-type=\"widget\" data-widget_type=\"heading.default\">\n\t\t\t\t<div class=\"elementor-widget-container\">\n\t\t\t\t\t<h2 class=\"elementor-heading-title elementor-size-default\">LE pantalon vauvenargues<\/h2>\t\t\t\t<\/div>\n\t\t\t\t<\/div>\n\t\t\t\t\t<\/div>\n\t\t<\/div>\n\t\t\t\t<div class=\"elementor-column elementor-col-33 elementor-top-column elementor-element elementor-element-5c947884\" data-id=\"5c947884\" data-element_type=\"column\" data-e-type=\"column\">\n\t\t\t<div class=\"elementor-widget-wrap\">\n\t\t\t\t\t\t\t<\/div>\n\t\t<\/div>\n\t\t\t\t<div class=\"elementor-column elementor-col-33 elementor-top-column elementor-element elementor-element-187a7c33\" data-id=\"187a7c33\" data-element_type=\"column\" data-e-type=\"column\">\n\t\t\t<div class=\"elementor-widget-wrap elementor-element-populated\">\n\t\t\t\t\t\t<div class=\"elementor-element elementor-element-4a49da10 elementor-invisible elementor-widget elementor-widget-image\" data-id=\"4a49da10\" data-element_type=\"widget\" data-e-type=\"widget\" data-settings=\"{&quot;_animation&quot;:&quot;fadeIn&quot;}\" data-widget_type=\"image.default\">\n\t\t\t\t<div class=\"elementor-widget-container\">\n\t\t\t\t\t\t\t\t\t\t\t\t<figure class=\"wp-caption\">\n\t\t\t\t\t\t\t\t\t\t<img loading=\"lazy\" decoding=\"async\" width=\"2560\" height=\"1715\" src=\"https:\/\/amaconceptstore.fr\/wp-content\/uploads\/2023\/03\/ama-concept-store-lyon-Maison-Labiche-2-scaled.webp\" class=\"attachment-full size-full wp-image-1284\" alt=\"\" srcset=\"https:\/\/amaconceptstore.fr\/wp-content\/uploads\/2023\/03\/ama-concept-store-lyon-Maison-Labiche-2-scaled.webp 2560w, https:\/\/amaconceptstore.fr\/wp-content\/uploads\/2023\/03\/ama-concept-store-lyon-Maison-Labiche-2-300x201.webp 300w, https:\/\/amaconceptstore.fr\/wp-content\/uploads\/2023\/03\/ama-concept-store-lyon-Maison-Labiche-2-1024x686.webp 1024w, https:\/\/amaconceptstore.fr\/wp-content\/uploads\/2023\/03\/ama-concept-store-lyon-Maison-Labiche-2-768x515.webp 768w, https:\/\/amaconceptstore.fr\/wp-content\/uploads\/2023\/03\/ama-concept-store-lyon-Maison-Labiche-2-1536x1029.webp 1536w, https:\/\/amaconceptstore.fr\/wp-content\/uploads\/2023\/03\/ama-concept-store-lyon-Maison-Labiche-2-2048x1372.webp 2048w\" sizes=\"(max-width: 2560px) 100vw, 2560px\" \/>\t\t\t\t\t\t\t\t\t\t\t<figcaption class=\"widget-image-caption wp-caption-text\"><\/figcaption>\n\t\t\t\t\t\t\t\t\t\t<\/figure>\n\t\t\t\t\t\t\t\t\t<\/div>\n\t\t\t\t<\/div>\n\t\t\t\t\t<\/div>\n\t\t<\/div>\n\t\t\t\t\t<\/div>\n\t\t<\/section>\n\t\t\t\t<section class=\"elementor-section elementor-top-section elementor-element elementor-element-1c4142d2 elementor-section-full_width elementor-section-height-default elementor-section-height-default\" data-id=\"1c4142d2\" data-element_type=\"section\" data-e-type=\"section\">\n\t\t\t\t\t\t<div class=\"elementor-container elementor-column-gap-default\">\n\t\t\t\t\t<div class=\"elementor-column elementor-col-100 elementor-top-column elementor-element elementor-element-143aab0\" data-id=\"143aab0\" data-element_type=\"column\" data-e-type=\"column\">\n\t\t\t<div class=\"elementor-widget-wrap elementor-element-populated\">\n\t\t\t\t\t\t<div class=\"elementor-element elementor-element-482dd8cb elementor-widget elementor-widget-heading\" data-id=\"482dd8cb\" data-element_type=\"widget\" data-e-type=\"widget\" data-widget_type=\"heading.default\">\n\t\t\t\t<div class=\"elementor-widget-container\">\n\t\t\t\t\t<h3 class=\"elementor-heading-title elementor-size-default\">Vous aimerez aussi...<\/h3>\t\t\t\t<\/div>\n\t\t\t\t<\/div>\n\t\t\t\t<div class=\"elementor-element elementor-element-6df31c52 elementor-widget-divider--view-line elementor-widget elementor-widget-divider\" data-id=\"6df31c52\" data-element_type=\"widget\" data-e-type=\"widget\" data-widget_type=\"divider.default\">\n\t\t\t\t<div class=\"elementor-widget-container\">\n\t\t\t\t\t\t\t<div class=\"elementor-divider\">\n\t\t\t<span class=\"elementor-divider-separator\">\n\t\t\t\t\t\t<\/span>\n\t\t<\/div>\n\t\t\t\t\t\t<\/div>\n\t\t\t\t<\/div>\n\t\t\t\t<div class=\"elementor-element elementor-element-3a89d753 elementor-grid-3 elementor-grid-tablet-2 elementor-grid-mobile-1 elementor-widget elementor-widget-portfolio\" data-id=\"3a89d753\" data-element_type=\"widget\" data-e-type=\"widget\" data-settings=\"{&quot;item_ratio&quot;:{&quot;unit&quot;:&quot;px&quot;,&quot;size&quot;:1.2,&quot;sizes&quot;:[]},&quot;columns&quot;:&quot;3&quot;,&quot;columns_tablet&quot;:&quot;2&quot;,&quot;columns_mobile&quot;:&quot;1&quot;,&quot;item_gap&quot;:{&quot;unit&quot;:&quot;px&quot;,&quot;size&quot;:&quot;&quot;,&quot;sizes&quot;:[]},&quot;row_gap&quot;:{&quot;unit&quot;:&quot;px&quot;,&quot;size&quot;:&quot;&quot;,&quot;sizes&quot;:[]}}\" data-widget_type=\"portfolio.default\">\n\t\t\t\t<div class=\"elementor-widget-container\">\n\t\t\t\t\t\t\t<div class=\"elementor-portfolio elementor-grid elementor-posts-container\" role=\"list\">\n\t\t\t\t<article class=\"elementor-portfolio-item elementor-post  post-1256 post type-post status-publish format-standard has-post-thumbnail hentry category-decoration\" role=\"listitem\">\n\t\t\t<a class=\"elementor-post__thumbnail__link\" href=\"https:\/\/amaconceptstore.fr\/index.php\/2023\/11\/20\/flaire-lyon\/\">\n\t\t\t\t<div class=\"elementor-portfolio-item__img elementor-post__thumbnail\">\n\t\t\t<img loading=\"lazy\" decoding=\"async\" width=\"720\" height=\"958\" src=\"https:\/\/amaconceptstore.fr\/wp-content\/uploads\/2023\/11\/ama-concept-store-lyon-flaire-bougie-olive-2.jpg\" class=\"attachment-full size-full wp-image-1258\" alt=\"\" srcset=\"https:\/\/amaconceptstore.fr\/wp-content\/uploads\/2023\/11\/ama-concept-store-lyon-flaire-bougie-olive-2.jpg 720w, https:\/\/amaconceptstore.fr\/wp-content\/uploads\/2023\/11\/ama-concept-store-lyon-flaire-bougie-olive-2-225x300.jpg 225w\" sizes=\"(max-width: 720px) 100vw, 720px\" \/>\t\t<\/div>\n\t\t\t\t<div class=\"elementor-portfolio-item__overlay\">\n\t\t\t\t<h2 class=\"elementor-portfolio-item__title\">\n\t\tFlai(Re)\t\t<\/h2>\n\t\t\t\t<\/div>\n\t\t\t\t<\/a>\n\t\t<\/article>\n\t\t\t\t<article class=\"elementor-portfolio-item elementor-post  post-1243 post type-post status-publish format-standard has-post-thumbnail hentry category-decoration\" role=\"listitem\">\n\t\t\t<a class=\"elementor-post__thumbnail__link\" href=\"https:\/\/amaconceptstore.fr\/index.php\/2023\/11\/20\/maison-tchin-tchin\/\">\n\t\t\t\t<div class=\"elementor-portfolio-item__img elementor-post__thumbnail\">\n\t\t\t<img loading=\"lazy\" decoding=\"async\" width=\"1100\" height=\"1100\" src=\"https:\/\/amaconceptstore.fr\/wp-content\/uploads\/2023\/11\/BOUGIE-PARFUMEE-CHARDONNAY-1.1_1100x.webp\" class=\"attachment-full size-full wp-image-1244\" alt=\"\" srcset=\"https:\/\/amaconceptstore.fr\/wp-content\/uploads\/2023\/11\/BOUGIE-PARFUMEE-CHARDONNAY-1.1_1100x.webp 1100w, https:\/\/amaconceptstore.fr\/wp-content\/uploads\/2023\/11\/BOUGIE-PARFUMEE-CHARDONNAY-1.1_1100x-300x300.webp 300w, https:\/\/amaconceptstore.fr\/wp-content\/uploads\/2023\/11\/BOUGIE-PARFUMEE-CHARDONNAY-1.1_1100x-1024x1024.webp 1024w, https:\/\/amaconceptstore.fr\/wp-content\/uploads\/2023\/11\/BOUGIE-PARFUMEE-CHARDONNAY-1.1_1100x-150x150.webp 150w, https:\/\/amaconceptstore.fr\/wp-content\/uploads\/2023\/11\/BOUGIE-PARFUMEE-CHARDONNAY-1.1_1100x-768x768.webp 768w\" sizes=\"(max-width: 1100px) 100vw, 1100px\" \/>\t\t<\/div>\n\t\t\t\t<div class=\"elementor-portfolio-item__overlay\">\n\t\t\t\t<h2 class=\"elementor-portfolio-item__title\">\n\t\tMaison Tchin Tchin\t\t<\/h2>\n\t\t\t\t<\/div>\n\t\t\t\t<\/a>\n\t\t<\/article>\n\t\t\t\t<article class=\"elementor-portfolio-item elementor-post  post-1209 post type-post status-publish format-standard has-post-thumbnail hentry category-lingerie\" role=\"listitem\">\n\t\t\t<a class=\"elementor-post__thumbnail__link\" href=\"https:\/\/amaconceptstore.fr\/index.php\/2023\/11\/20\/chichi-castelnango\/\">\n\t\t\t\t<div class=\"elementor-portfolio-item__img elementor-post__thumbnail\">\n\t\t\t<img loading=\"lazy\" decoding=\"async\" width=\"1000\" height=\"1500\" src=\"https:\/\/amaconceptstore.fr\/wp-content\/uploads\/2023\/11\/Chichi-Castelnango-lyon-ama-concept-store-9.jpg\" class=\"attachment-full size-full wp-image-1214\" alt=\"\" srcset=\"https:\/\/amaconceptstore.fr\/wp-content\/uploads\/2023\/11\/Chichi-Castelnango-lyon-ama-concept-store-9.jpg 1000w, https:\/\/amaconceptstore.fr\/wp-content\/uploads\/2023\/11\/Chichi-Castelnango-lyon-ama-concept-store-9-200x300.jpg 200w, https:\/\/amaconceptstore.fr\/wp-content\/uploads\/2023\/11\/Chichi-Castelnango-lyon-ama-concept-store-9-683x1024.jpg 683w, https:\/\/amaconceptstore.fr\/wp-content\/uploads\/2023\/11\/Chichi-Castelnango-lyon-ama-concept-store-9-768x1152.jpg 768w\" sizes=\"(max-width: 1000px) 100vw, 1000px\" \/>\t\t<\/div>\n\t\t\t\t<div class=\"elementor-portfolio-item__overlay\">\n\t\t\t\t<h2 class=\"elementor-portfolio-item__title\">\n\t\tChichi Castelnango\t\t<\/h2>\n\t\t\t\t<\/div>\n\t\t\t\t<\/a>\n\t\t<\/article>\n\t\t\t\t<\/div>\n\t\t\t\t\t\t<\/div>\n\t\t\t\t<\/div>\n\t\t\t\t\t<\/div>\n\t\t<\/div>\n\t\t\t\t\t<\/div>\n\t\t<\/section>\n\t\t\t\t<\/div>\n\t\t","protected":false},"excerpt":{"rendered":"<p>Pr\u00eat \u00e0 porter, marque fran\u00e7aise ind\u00e9pendante et designer en France MAISON LABICHE, V\u00caTEMENTS BROD\u00e9s Maison Labiche est n\u00e9e en 2011 \u00e0 Paris. D\u00e8s le d\u00e9but, l\u2019ambition est claire : cr\u00e9er une maison avec une \u00e2me, proche de sa communaut\u00e9 et responsable. L\u2019histoire de la Maison commence avec un produit iconique, universel et intemporel : le [&hellip;]<\/p>\n","protected":false},"author":2,"featured_media":1287,"comment_status":"open","ping_status":"open","sticky":false,"template":"elementor_header_footer","format":"standard","meta":{"_monsterinsights_skip_tracking":false,"_monsterinsights_sitenote_active":false,"_monsterinsights_sitenote_note":"","_monsterinsights_sitenote_category":0,"footnotes":""},"categories":[1],"tags":[],"class_list":["post-1106","post","type-post","status-publish","format-standard","has-post-thumbnail","hentry","category-vetements"],"yoast_head":"<!-- This site is optimized with the Yoast SEO plugin v27.5 - https:\/\/yoast.com\/product\/yoast-seo-wordpress\/ -->\n<title>MAISON LABICHE - AMA Concept Store<\/title>\n<meta name=\"description\" content=\"Une s\u00e9lection de produits de la marque Parisienne, Maison Labiche est disponible chez AMA Concept Store \u00e0 Lyon.\" \/>\n<meta name=\"robots\" content=\"index, follow, max-snippet:-1, max-image-preview:large, max-video-preview:-1\" \/>\n<link rel=\"canonical\" href=\"https:\/\/amaconceptstore.fr\/index.php\/2023\/03\/29\/marques-maisonlabiche\/\" \/>\n<meta property=\"og:locale\" content=\"fr_FR\" \/>\n<meta property=\"og:type\" content=\"article\" \/>\n<meta property=\"og:title\" content=\"MAISON LABICHE - AMA Concept Store\" \/>\n<meta property=\"og:description\" content=\"Une s\u00e9lection de produits de la marque Parisienne, Maison Labiche est disponible chez AMA Concept Store \u00e0 Lyon.\" \/>\n<meta property=\"og:url\" content=\"https:\/\/amaconceptstore.fr\/index.php\/2023\/03\/29\/marques-maisonlabiche\/\" \/>\n<meta property=\"og:site_name\" content=\"AMA Concept Store\" \/>\n<meta property=\"article:published_time\" content=\"2023-03-29T10:35:31+00:00\" \/>\n<meta property=\"article:modified_time\" content=\"2023-12-08T09:28:23+00:00\" \/>\n<meta property=\"og:image\" content=\"https:\/\/amaconceptstore.fr\/wp-content\/uploads\/2023\/03\/ama-concept-store-lyon-Maison-Labiche-5-scaled.webp\" \/>\n\t<meta property=\"og:image:width\" content=\"1707\" \/>\n\t<meta property=\"og:image:height\" content=\"2560\" \/>\n\t<meta property=\"og:image:type\" content=\"image\/webp\" \/>\n<meta name=\"author\" content=\"ama richard\" \/>\n<meta name=\"twitter:card\" content=\"summary_large_image\" \/>\n<meta name=\"twitter:label1\" content=\"\u00c9crit par\" \/>\n\t<meta name=\"twitter:data1\" content=\"ama richard\" \/>\n\t<meta name=\"twitter:label2\" content=\"Dur\u00e9e de lecture estim\u00e9e\" \/>\n\t<meta name=\"twitter:data2\" content=\"3 minutes\" \/>\n<script type=\"application\/ld+json\" class=\"yoast-schema-graph\">{\"@context\":\"https:\\\/\\\/schema.org\",\"@graph\":[{\"@type\":\"Article\",\"@id\":\"https:\\\/\\\/amaconceptstore.fr\\\/index.php\\\/2023\\\/03\\\/29\\\/marques-maisonlabiche\\\/#article\",\"isPartOf\":{\"@id\":\"https:\\\/\\\/amaconceptstore.fr\\\/index.php\\\/2023\\\/03\\\/29\\\/marques-maisonlabiche\\\/\"},\"author\":{\"name\":\"ama richard\",\"@id\":\"https:\\\/\\\/amaconceptstore.fr\\\/#\\\/schema\\\/person\\\/89e1d380fa14d6ba36ca61cf21825838\"},\"headline\":\"MAISON LABICHE\",\"datePublished\":\"2023-03-29T10:35:31+00:00\",\"dateModified\":\"2023-12-08T09:28:23+00:00\",\"mainEntityOfPage\":{\"@id\":\"https:\\\/\\\/amaconceptstore.fr\\\/index.php\\\/2023\\\/03\\\/29\\\/marques-maisonlabiche\\\/\"},\"wordCount\":199,\"commentCount\":0,\"publisher\":{\"@id\":\"https:\\\/\\\/amaconceptstore.fr\\\/#organization\"},\"image\":{\"@id\":\"https:\\\/\\\/amaconceptstore.fr\\\/index.php\\\/2023\\\/03\\\/29\\\/marques-maisonlabiche\\\/#primaryimage\"},\"thumbnailUrl\":\"https:\\\/\\\/amaconceptstore.fr\\\/wp-content\\\/uploads\\\/2023\\\/03\\\/ama-concept-store-lyon-Maison-Labiche-5-scaled.webp\",\"articleSection\":[\"V\u00eatements\"],\"inLanguage\":\"fr-FR\",\"potentialAction\":[{\"@type\":\"CommentAction\",\"name\":\"Comment\",\"target\":[\"https:\\\/\\\/amaconceptstore.fr\\\/index.php\\\/2023\\\/03\\\/29\\\/marques-maisonlabiche\\\/#respond\"]}]},{\"@type\":\"WebPage\",\"@id\":\"https:\\\/\\\/amaconceptstore.fr\\\/index.php\\\/2023\\\/03\\\/29\\\/marques-maisonlabiche\\\/\",\"url\":\"https:\\\/\\\/amaconceptstore.fr\\\/index.php\\\/2023\\\/03\\\/29\\\/marques-maisonlabiche\\\/\",\"name\":\"MAISON LABICHE - AMA Concept Store\",\"isPartOf\":{\"@id\":\"https:\\\/\\\/amaconceptstore.fr\\\/#website\"},\"primaryImageOfPage\":{\"@id\":\"https:\\\/\\\/amaconceptstore.fr\\\/index.php\\\/2023\\\/03\\\/29\\\/marques-maisonlabiche\\\/#primaryimage\"},\"image\":{\"@id\":\"https:\\\/\\\/amaconceptstore.fr\\\/index.php\\\/2023\\\/03\\\/29\\\/marques-maisonlabiche\\\/#primaryimage\"},\"thumbnailUrl\":\"https:\\\/\\\/amaconceptstore.fr\\\/wp-content\\\/uploads\\\/2023\\\/03\\\/ama-concept-store-lyon-Maison-Labiche-5-scaled.webp\",\"datePublished\":\"2023-03-29T10:35:31+00:00\",\"dateModified\":\"2023-12-08T09:28:23+00:00\",\"description\":\"Une s\u00e9lection de produits de la marque Parisienne, Maison Labiche est disponible chez AMA Concept Store \u00e0 Lyon.\",\"breadcrumb\":{\"@id\":\"https:\\\/\\\/amaconceptstore.fr\\\/index.php\\\/2023\\\/03\\\/29\\\/marques-maisonlabiche\\\/#breadcrumb\"},\"inLanguage\":\"fr-FR\",\"potentialAction\":[{\"@type\":\"ReadAction\",\"target\":[\"https:\\\/\\\/amaconceptstore.fr\\\/index.php\\\/2023\\\/03\\\/29\\\/marques-maisonlabiche\\\/\"]}]},{\"@type\":\"ImageObject\",\"inLanguage\":\"fr-FR\",\"@id\":\"https:\\\/\\\/amaconceptstore.fr\\\/index.php\\\/2023\\\/03\\\/29\\\/marques-maisonlabiche\\\/#primaryimage\",\"url\":\"https:\\\/\\\/amaconceptstore.fr\\\/wp-content\\\/uploads\\\/2023\\\/03\\\/ama-concept-store-lyon-Maison-Labiche-5-scaled.webp\",\"contentUrl\":\"https:\\\/\\\/amaconceptstore.fr\\\/wp-content\\\/uploads\\\/2023\\\/03\\\/ama-concept-store-lyon-Maison-Labiche-5-scaled.webp\",\"width\":1707,\"height\":2560},{\"@type\":\"BreadcrumbList\",\"@id\":\"https:\\\/\\\/amaconceptstore.fr\\\/index.php\\\/2023\\\/03\\\/29\\\/marques-maisonlabiche\\\/#breadcrumb\",\"itemListElement\":[{\"@type\":\"ListItem\",\"position\":1,\"name\":\"Accueil\",\"item\":\"https:\\\/\\\/amaconceptstore.fr\\\/\"},{\"@type\":\"ListItem\",\"position\":2,\"name\":\"MAISON LABICHE\"}]},{\"@type\":\"WebSite\",\"@id\":\"https:\\\/\\\/amaconceptstore.fr\\\/#website\",\"url\":\"https:\\\/\\\/amaconceptstore.fr\\\/\",\"name\":\"AMA Concept Store\",\"description\":\"Boutique de pr\u00eat \u00e0 porter : Accessoires, Lingerie, Bijoux\",\"publisher\":{\"@id\":\"https:\\\/\\\/amaconceptstore.fr\\\/#organization\"},\"potentialAction\":[{\"@type\":\"SearchAction\",\"target\":{\"@type\":\"EntryPoint\",\"urlTemplate\":\"https:\\\/\\\/amaconceptstore.fr\\\/?s={search_term_string}\"},\"query-input\":{\"@type\":\"PropertyValueSpecification\",\"valueRequired\":true,\"valueName\":\"search_term_string\"}}],\"inLanguage\":\"fr-FR\"},{\"@type\":\"Organization\",\"@id\":\"https:\\\/\\\/amaconceptstore.fr\\\/#organization\",\"name\":\"AMA Concept Store\",\"url\":\"https:\\\/\\\/amaconceptstore.fr\\\/\",\"logo\":{\"@type\":\"ImageObject\",\"inLanguage\":\"fr-FR\",\"@id\":\"https:\\\/\\\/amaconceptstore.fr\\\/#\\\/schema\\\/logo\\\/image\\\/\",\"url\":\"https:\\\/\\\/amaconceptstore.fr\\\/wp-content\\\/uploads\\\/2022\\\/11\\\/AMA-Concept-Store-Logo.png\",\"contentUrl\":\"https:\\\/\\\/amaconceptstore.fr\\\/wp-content\\\/uploads\\\/2022\\\/11\\\/AMA-Concept-Store-Logo.png\",\"width\":860,\"height\":337,\"caption\":\"AMA Concept Store\"},\"image\":{\"@id\":\"https:\\\/\\\/amaconceptstore.fr\\\/#\\\/schema\\\/logo\\\/image\\\/\"},\"sameAs\":[\"https:\\\/\\\/www.instagram.com\\\/amaconceptstore\\\/\"]},{\"@type\":\"Person\",\"@id\":\"https:\\\/\\\/amaconceptstore.fr\\\/#\\\/schema\\\/person\\\/89e1d380fa14d6ba36ca61cf21825838\",\"name\":\"ama richard\",\"image\":{\"@type\":\"ImageObject\",\"inLanguage\":\"fr-FR\",\"@id\":\"https:\\\/\\\/secure.gravatar.com\\\/avatar\\\/7e5124999d5ca2374c92bf6f65164b8a3c9e90bf4434eccd7af49a8d2325ec82?s=96&d=mm&r=g\",\"url\":\"https:\\\/\\\/secure.gravatar.com\\\/avatar\\\/7e5124999d5ca2374c92bf6f65164b8a3c9e90bf4434eccd7af49a8d2325ec82?s=96&d=mm&r=g\",\"contentUrl\":\"https:\\\/\\\/secure.gravatar.com\\\/avatar\\\/7e5124999d5ca2374c92bf6f65164b8a3c9e90bf4434eccd7af49a8d2325ec82?s=96&d=mm&r=g\",\"caption\":\"ama richard\"},\"url\":\"https:\\\/\\\/amaconceptstore.fr\\\/index.php\\\/author\\\/ama\\\/\"}]}<\/script>\n<!-- \/ Yoast SEO plugin. -->","yoast_head_json":{"title":"MAISON LABICHE - AMA Concept Store","description":"Une s\u00e9lection de produits de la marque Parisienne, Maison Labiche est disponible chez AMA Concept Store \u00e0 Lyon.","robots":{"index":"index","follow":"follow","max-snippet":"max-snippet:-1","max-image-preview":"max-image-preview:large","max-video-preview":"max-video-preview:-1"},"canonical":"https:\/\/amaconceptstore.fr\/index.php\/2023\/03\/29\/marques-maisonlabiche\/","og_locale":"fr_FR","og_type":"article","og_title":"MAISON LABICHE - AMA Concept Store","og_description":"Une s\u00e9lection de produits de la marque Parisienne, Maison Labiche est disponible chez AMA Concept Store \u00e0 Lyon.","og_url":"https:\/\/amaconceptstore.fr\/index.php\/2023\/03\/29\/marques-maisonlabiche\/","og_site_name":"AMA Concept Store","article_published_time":"2023-03-29T10:35:31+00:00","article_modified_time":"2023-12-08T09:28:23+00:00","og_image":[{"width":1707,"height":2560,"url":"https:\/\/amaconceptstore.fr\/wp-content\/uploads\/2023\/03\/ama-concept-store-lyon-Maison-Labiche-5-scaled.webp","type":"image\/webp"}],"author":"ama richard","twitter_card":"summary_large_image","twitter_misc":{"\u00c9crit par":"ama richard","Dur\u00e9e de lecture estim\u00e9e":"3 minutes"},"schema":{"@context":"https:\/\/schema.org","@graph":[{"@type":"Article","@id":"https:\/\/amaconceptstore.fr\/index.php\/2023\/03\/29\/marques-maisonlabiche\/#article","isPartOf":{"@id":"https:\/\/amaconceptstore.fr\/index.php\/2023\/03\/29\/marques-maisonlabiche\/"},"author":{"name":"ama richard","@id":"https:\/\/amaconceptstore.fr\/#\/schema\/person\/89e1d380fa14d6ba36ca61cf21825838"},"headline":"MAISON LABICHE","datePublished":"2023-03-29T10:35:31+00:00","dateModified":"2023-12-08T09:28:23+00:00","mainEntityOfPage":{"@id":"https:\/\/amaconceptstore.fr\/index.php\/2023\/03\/29\/marques-maisonlabiche\/"},"wordCount":199,"commentCount":0,"publisher":{"@id":"https:\/\/amaconceptstore.fr\/#organization"},"image":{"@id":"https:\/\/amaconceptstore.fr\/index.php\/2023\/03\/29\/marques-maisonlabiche\/#primaryimage"},"thumbnailUrl":"https:\/\/amaconceptstore.fr\/wp-content\/uploads\/2023\/03\/ama-concept-store-lyon-Maison-Labiche-5-scaled.webp","articleSection":["V\u00eatements"],"inLanguage":"fr-FR","potentialAction":[{"@type":"CommentAction","name":"Comment","target":["https:\/\/amaconceptstore.fr\/index.php\/2023\/03\/29\/marques-maisonlabiche\/#respond"]}]},{"@type":"WebPage","@id":"https:\/\/amaconceptstore.fr\/index.php\/2023\/03\/29\/marques-maisonlabiche\/","url":"https:\/\/amaconceptstore.fr\/index.php\/2023\/03\/29\/marques-maisonlabiche\/","name":"MAISON LABICHE - AMA Concept Store","isPartOf":{"@id":"https:\/\/amaconceptstore.fr\/#website"},"primaryImageOfPage":{"@id":"https:\/\/amaconceptstore.fr\/index.php\/2023\/03\/29\/marques-maisonlabiche\/#primaryimage"},"image":{"@id":"https:\/\/amaconceptstore.fr\/index.php\/2023\/03\/29\/marques-maisonlabiche\/#primaryimage"},"thumbnailUrl":"https:\/\/amaconceptstore.fr\/wp-content\/uploads\/2023\/03\/ama-concept-store-lyon-Maison-Labiche-5-scaled.webp","datePublished":"2023-03-29T10:35:31+00:00","dateModified":"2023-12-08T09:28:23+00:00","description":"Une s\u00e9lection de produits de la marque Parisienne, Maison Labiche est disponible chez AMA Concept Store \u00e0 Lyon.","breadcrumb":{"@id":"https:\/\/amaconceptstore.fr\/index.php\/2023\/03\/29\/marques-maisonlabiche\/#breadcrumb"},"inLanguage":"fr-FR","potentialAction":[{"@type":"ReadAction","target":["https:\/\/amaconceptstore.fr\/index.php\/2023\/03\/29\/marques-maisonlabiche\/"]}]},{"@type":"ImageObject","inLanguage":"fr-FR","@id":"https:\/\/amaconceptstore.fr\/index.php\/2023\/03\/29\/marques-maisonlabiche\/#primaryimage","url":"https:\/\/amaconceptstore.fr\/wp-content\/uploads\/2023\/03\/ama-concept-store-lyon-Maison-Labiche-5-scaled.webp","contentUrl":"https:\/\/amaconceptstore.fr\/wp-content\/uploads\/2023\/03\/ama-concept-store-lyon-Maison-Labiche-5-scaled.webp","width":1707,"height":2560},{"@type":"BreadcrumbList","@id":"https:\/\/amaconceptstore.fr\/index.php\/2023\/03\/29\/marques-maisonlabiche\/#breadcrumb","itemListElement":[{"@type":"ListItem","position":1,"name":"Accueil","item":"https:\/\/amaconceptstore.fr\/"},{"@type":"ListItem","position":2,"name":"MAISON LABICHE"}]},{"@type":"WebSite","@id":"https:\/\/amaconceptstore.fr\/#website","url":"https:\/\/amaconceptstore.fr\/","name":"AMA Concept Store","description":"Boutique de pr\u00eat \u00e0 porter : Accessoires, Lingerie, Bijoux","publisher":{"@id":"https:\/\/amaconceptstore.fr\/#organization"},"potentialAction":[{"@type":"SearchAction","target":{"@type":"EntryPoint","urlTemplate":"https:\/\/amaconceptstore.fr\/?s={search_term_string}"},"query-input":{"@type":"PropertyValueSpecification","valueRequired":true,"valueName":"search_term_string"}}],"inLanguage":"fr-FR"},{"@type":"Organization","@id":"https:\/\/amaconceptstore.fr\/#organization","name":"AMA Concept Store","url":"https:\/\/amaconceptstore.fr\/","logo":{"@type":"ImageObject","inLanguage":"fr-FR","@id":"https:\/\/amaconceptstore.fr\/#\/schema\/logo\/image\/","url":"https:\/\/amaconceptstore.fr\/wp-content\/uploads\/2022\/11\/AMA-Concept-Store-Logo.png","contentUrl":"https:\/\/amaconceptstore.fr\/wp-content\/uploads\/2022\/11\/AMA-Concept-Store-Logo.png","width":860,"height":337,"caption":"AMA Concept Store"},"image":{"@id":"https:\/\/amaconceptstore.fr\/#\/schema\/logo\/image\/"},"sameAs":["https:\/\/www.instagram.com\/amaconceptstore\/"]},{"@type":"Person","@id":"https:\/\/amaconceptstore.fr\/#\/schema\/person\/89e1d380fa14d6ba36ca61cf21825838","name":"ama richard","image":{"@type":"ImageObject","inLanguage":"fr-FR","@id":"https:\/\/secure.gravatar.com\/avatar\/7e5124999d5ca2374c92bf6f65164b8a3c9e90bf4434eccd7af49a8d2325ec82?s=96&d=mm&r=g","url":"https:\/\/secure.gravatar.com\/avatar\/7e5124999d5ca2374c92bf6f65164b8a3c9e90bf4434eccd7af49a8d2325ec82?s=96&d=mm&r=g","contentUrl":"https:\/\/secure.gravatar.com\/avatar\/7e5124999d5ca2374c92bf6f65164b8a3c9e90bf4434eccd7af49a8d2325ec82?s=96&d=mm&r=g","caption":"ama richard"},"url":"https:\/\/amaconceptstore.fr\/index.php\/author\/ama\/"}]}},"_links":{"self":[{"href":"https:\/\/amaconceptstore.fr\/index.php\/wp-json\/wp\/v2\/posts\/1106","targetHints":{"allow":["GET"]}}],"collection":[{"href":"https:\/\/amaconceptstore.fr\/index.php\/wp-json\/wp\/v2\/posts"}],"about":[{"href":"https:\/\/amaconceptstore.fr\/index.php\/wp-json\/wp\/v2\/types\/post"}],"author":[{"embeddable":true,"href":"https:\/\/amaconceptstore.fr\/index.php\/wp-json\/wp\/v2\/users\/2"}],"replies":[{"embeddable":true,"href":"https:\/\/amaconceptstore.fr\/index.php\/wp-json\/wp\/v2\/comments?post=1106"}],"version-history":[{"count":20,"href":"https:\/\/amaconceptstore.fr\/index.php\/wp-json\/wp\/v2\/posts\/1106\/revisions"}],"predecessor-version":[{"id":1294,"href":"https:\/\/amaconceptstore.fr\/index.php\/wp-json\/wp\/v2\/posts\/1106\/revisions\/1294"}],"wp:featuredmedia":[{"embeddable":true,"href":"https:\/\/amaconceptstore.fr\/index.php\/wp-json\/wp\/v2\/media\/1287"}],"wp:attachment":[{"href":"https:\/\/amaconceptstore.fr\/index.php\/wp-json\/wp\/v2\/media?parent=1106"}],"wp:term":[{"taxonomy":"category","embeddable":true,"href":"https:\/\/amaconceptstore.fr\/index.php\/wp-json\/wp\/v2\/categories?post=1106"},{"taxonomy":"post_tag","embeddable":true,"href":"https:\/\/amaconceptstore.fr\/index.php\/wp-json\/wp\/v2\/tags?post=1106"}],"curies":[{"name":"wp","href":"https:\/\/api.w.org\/{rel}","templated":true}]}}